{"id":507,"date":"2014-12-10T21:25:39","date_gmt":"2014-12-10T20:25:39","guid":{"rendered":"https:\/\/los-family.de\/fachleute\/?p=507"},"modified":"2015-12-21T19:24:35","modified_gmt":"2015-12-21T18:24:35","slug":"kinderschutzkonferenz-staerkt-praeventive-netzwerke","status":"publish","type":"post","link":"https:\/\/los-family.de\/fachleute\/2014\/12\/10\/kinderschutzkonferenz-staerkt-praeventive-netzwerke\/","title":{"rendered":"Kinderschutzkonferenz st\u00e4rkt pr\u00e4ventive Netzwerke"},"content":{"rendered":"<div id=\"tdi_1\" class=\"tdc-row\"><div class=\"vc_row tdi_2  wpb_row td-pb-row\" >\n<style scoped>\n\n\/* custom css *\/\n.tdi_2,\r\n                .tdi_2 .tdc-columns{\r\n                    min-height: 0;\r\n                }\n<\/style><div class=\"vc_column tdi_4  wpb_column vc_column_container tdc-column td-pb-span12\">\n<style scoped>\n\n\/* custom css *\/\n.tdi_4{\r\n                    vertical-align: baseline;\r\n                }\n<\/style><div class=\"wpb_wrapper\" ><div class=\"vc_row_inner vc_custom_1440273100820 tdi_6  vc_row vc_inner wpb_row td-pb-row\" >\n<style scoped>\n\n\/* tdc_composer_block - inline css att *\/\n.vc_custom_1440273100820{margin-left: 40px !important;border-left-width: 0px !important;}\n\/* custom css *\/\n.tdi_6{\r\n                    position: relative !important;\r\n                    top: 0;\r\n                    transform: none;\r\n                    -webkit-transform: none;\r\n                }\n<\/style><div class=\"vc_column_inner tdi_8  wpb_column vc_column_container tdc-inner-column td-pb-span12\">\n<style scoped>\n\n\/* custom css *\/\n.tdi_8{\r\n                    vertical-align: baseline;\r\n                }\n<\/style><div class=\"vc_column-inner\"><div class=\"wpb_wrapper\" >[vc_btn title=&#8220;Programmflyer &#8211; 1. Kinderschutzkonferenz&#8220; style=&#8220;classic&#8220; shape=&#8220;rounded&#8220; color=&#8220;default&#8220; size=&#8220;xs&#8220; align=&#8220;inline&#8220; i_align=&#8220;left&#8220; i_type=&#8220;fontawesome&#8220; i_icon_fontawesome=&#8220;fa fa-file-pdf-o&#8220; i_icon_openiconic=&#8220;vc-oi vc-oi-dial&#8220; i_icon_typicons=&#8220;typcn typcn-adjust-brightness&#8220; i_icon_entypo=&#8220;entypo-icon entypo-icon-note&#8220; i_icon_linecons=&#8220;vc_li vc_li-heart&#8220; css_animation=&#8220;bottom-to-top&#8220; button_block=&#8220;&#8220; add_icon=&#8220;true&#8220; i_icon_pixelicons=&#8220;vc_pixel_icon vc_pixel_icon-alert&#8220; link=&#8220;url:http%3A%2F%2F127.0.0.1%2Ffachleute%2Fwp-content%2Fuploads%2F2014%2F12%2FProgrammflyer_Kinderschutzkonferenz.pdf||target:%20_blank&#8220;][vc_btn title=&#8220;Pr\u00e4sentation &#8211; 1. Kinderschutzkonferenz&#8220; style=&#8220;classic&#8220; shape=&#8220;rounded&#8220; color=&#8220;default&#8220; size=&#8220;xs&#8220; align=&#8220;inline&#8220; i_align=&#8220;left&#8220; i_type=&#8220;fontawesome&#8220; i_icon_fontawesome=&#8220;fa fa-file-pdf-o&#8220; i_icon_openiconic=&#8220;vc-oi vc-oi-dial&#8220; i_icon_typicons=&#8220;typcn typcn-adjust-brightness&#8220; i_icon_entypo=&#8220;entypo-icon entypo-icon-note&#8220; i_icon_linecons=&#8220;vc_li vc_li-heart&#8220; css_animation=&#8220;bottom-to-top&#8220; button_block=&#8220;&#8220; add_icon=&#8220;true&#8220; i_icon_pixelicons=&#8220;vc_pixel_icon vc_pixel_icon-alert&#8220; link=&#8220;url:http%3A%2F%2F127.0.0.1%2Ffachleute%2Fwp-content%2Fuploads%2F2014%2F12%2FLOS-FT-Fruehe-Hilfen-Beeskow-14-12-02.pdf||target:%20_blank&#8220;]<\/div><\/div><\/div><\/div>[vc_column_text]<\/p>\n<p>\u201eIch nehme viele Namen und mir jetzt bekannte Gesichter mit\u201c, bilanzierte am Dienstag <strong>Dr. Christopher Ko\u00dfagk<\/strong>, Oberarzt der Klinik f\u00fcr Frauenheilkunde und Geburtshilfe des Helios-Klinikums Bad Saarow, f\u00fcr sich den ganz praktischen Nutzen der Kinderschutzkonferenz des Landkreises Oder-Spree. \u00dcber 100 Teilnehmer aus Verwaltung und Politik, Mediziner, Juristen sowie Mitarbeiter bestehender Netzwerke haben sich am 2. Dezember 2014 im Spreepark Beeskow \u00fcber Konzepte ausgetauscht, die helfen sollen, allen Kindern ein gesundes Aufwachsen zu erm\u00f6glichen und in Krisensituationen abgestimmtes Handeln zu erleichtern um schnelle Hilfen zu sichern. Vorgestellt wurden Beispiele aus Eisenh\u00fcttenstadt, Storkow und F\u00fcrstenwalde. Hier fanden in den letzten Jahren die intensivsten Vernetzungsaktivit\u00e4ten statt. Die Konferenzteilnehmer geh\u00f6rten auch zu den Ersten, die einen Blick in den druckfrischen Wegweiser f\u00fcr werdende Eltern werfen konnten, den der Landkreis Oder-Spree neu herausgegeben hat.<\/p>\n<p>[\/vc_column_text][vc_gallery type=&#8220;image_grid&#8220; interval=&#8220;3&#8243; images=&#8220;538,536,529,522&#8243; onclick=&#8220;link_image&#8220; custom_links_target=&#8220;_self&#8220;][vc_column_text]<\/p>\n<p>\u201eWir kn\u00fcpfen heute nicht noch ein Netzwerk. Wir qualifizieren etwas, was wir seit vielen Jahren haben\u201c, brachte Landrat Manfred Zalenga das Anliegen der Tagung auf den Punkt. Auch Hans Leitner, Leiter der Fachstelle Kinderschutz in Brandenburg, meinte, mit der Ziffer \u201e1\u201c vor der Kinderschutzkonferenz habe der Landkreis sich unter Wert verkauft, weil er das Thema schon lange auf der Agenda habe. Gute Erfahrungen hat der Landkreis unter anderem mit seinem Netzwerk \u201eStarke Familien \u2013 Gesunde Kinder\u201c, den vier Eltern-Kind-Zentren in Gr\u00fcnheide, Storkow, Briesen und Eisenh\u00fcttenstadt, den beiden Familienzentren in Beeskow und Woltersdorf gemacht. \u201eDiese Anzahl solcher Anlaufstellen f\u00fcr Eltern und ihre Kinder ist keine Selbstverst\u00e4ndlichkeit in Brandenburgs Landkreisen\u201c, findet Martin Isermeyer. Der Leiter des Jugendamtes in Oder-Spree wies allerdings auch darauf hin, dass es schwierig sei, Hilfen punktgenau zu platzieren. Gerade jene Eltern rechtzeitig zu erreichen, die \u2013 h\u00e4ufig versch\u00e4rft durch soziale und \u00f6konomische Konfliktlagen \u2013 Unterst\u00fctzung im Alltag mit ihren Kindern ben\u00f6tigen, erweise sich als enorme Herausforderung. \u201eWir wollen mit unseren Netzwerken Kinder nicht erst dann auffangen, wenn akute Gef\u00e4hrdungssituationen eingetreten sind. Uns geht es in erster Linie um regional verankerte Netze, die pr\u00e4ventiv wirken. Das ist nichts, was wir als Landkreis von oben verordnen k\u00f6nnen.\u201c Vielmehr schaue sich das Jugendamt die Erfahrungswerte vor Ort an und entwickle daraus \u201eLeitplanken\u201c.<\/p>\n<p>[\/vc_column_text][vc_gallery type=&#8220;image_grid&#8220; interval=&#8220;3&#8243; images=&#8220;539,534,533,532,531,530,528,527,526,525,523,521&#8243; onclick=&#8220;link_image&#8220; custom_links_target=&#8220;_self&#8220;][vc_column_text]Ein starkes Pl\u00e4doyer f\u00fcr die bessere Information \u00fcber bestehende regionale Hilfen hielt in der Diskussionsrunde am Nachmittag Klinikarzt Christopher Ko\u00dfagk und regte an, dass der Landkreis auch Fortbildungsveranstaltungen von \u00c4rzten oder Hebammen nutzt, um Beratungsangebote f\u00fcr hilfebed\u00fcrftige Eltern und Kinder vorzustellen. Diese Kooperation aller, die beruflich mit Kindern und ihren Familien in Kontakt sind, h\u00e4lt Jeanett Wenk, Kinderschutzkoordinatorin des Landkreises Oder-Spree, f\u00fcr besonders wichtig: \u201eWir haben in den letzten anderthalb Jahren Kooperationsvereinbarungen abgeschlossen, Schulungen f\u00fcr unterschiedliche Zielgruppen realisiert und in einigen Regionen des Kreises sind erste Netzwerkstrukturen der Fr\u00fchen Hilfen entstanden, die sich speziell an Eltern mit Kindern von null bis drei Jahren richten. Die wollen wir ausbauen.\u201c Dauerhaften Erfolg k\u00f6nnen solche Netzwerke nur bringen, wenn sie f\u00fcr die Mitstreiter Mehrwert haben und die Akteure sich nicht verheddern, das hatte Hans Leitner hervorgehoben. Er gab den Konferenzteilnehmern zum Abschluss mit auf den Weg: \u201eBei allem, was wir in den Netzwerken tun, d\u00fcrfen wir die Frage nicht aus den Augen verlieren: Was nutzt es dem Kind?\u201c<\/p>\n<p>Mario Behnke<br \/>\nPressestelle[\/vc_column_text]<\/div><\/div><\/div><\/div>\n","protected":false},"excerpt":{"rendered":"[vc_btn title=\"Programmflyer - 1. Kinderschutzkonferenz\" style=\"classic\" shape=\"rounded\" color=\"default\" size=\"xs\" align=\"inline\" i_align=\"left\" i_type=\"fontawesome\" i_icon_fontawesome=\"fa fa-file-pdf-o\" i_icon_openiconic=\"vc-oi vc-oi-dial\" i_icon_typicons=\"typcn typcn-adjust-brightness\" i_icon_entypo=\"entypo-icon entypo-icon-note\" i_icon_linecons=\"vc_li vc_li-heart\" css_animation=\"bottom-to-top\" button_block=\"\" add_icon=\"true\" i_icon_pixelicons=\"vc_pixel_icon vc_pixel_icon-alert\" link=\"url:http%3A%2F%2F127.0.0.1%2Ffachleute%2Fwp-content%2Fuploads%2F2014%2F12%2FProgrammflyer_Kinderschutzkonferenz.pdf||target:%20_blank\"][vc_btn title=\"Pr\u00e4sentation - 1. Kinderschutzkonferenz\" style=\"classic\" shape=\"rounded\" color=\"default\" size=\"xs\" align=\"inline\" i_align=\"left\" i_type=\"fontawesome\" i_icon_fontawesome=\"fa fa-file-pdf-o\" i_icon_openiconic=\"vc-oi vc-oi-dial\" i_icon_typicons=\"typcn typcn-adjust-brightness\" i_icon_entypo=\"entypo-icon entypo-icon-note\" i_icon_linecons=\"vc_li vc_li-heart\" css_animation=\"bottom-to-top\" button_block=\"\" add_icon=\"true\" i_icon_pixelicons=\"vc_pixel_icon vc_pixel_icon-alert\" link=\"url:http%3A%2F%2F127.0.0.1%2Ffachleute%2Fwp-content%2Fuploads%2F2014%2F12%2FLOS-FT-Fruehe-Hilfen-Beeskow-14-12-02.pdf||target:%20_blank\"][vc_column_text]&hellip; <a class=\"continue\" href=\"https:\/\/los-family.de\/fachleute\/2014\/12\/10\/kinderschutzkonferenz-staerkt-praeventive-netzwerke\/\">Continue Reading<span> Kinderschutzkonferenz st\u00e4rkt pr\u00e4ventive Netzwerke<\/span><\/a>","protected":false},"author":7,"featured_media":515,"comment_status":"open","ping_status":"open","sticky":false,"template":"","format":"standard","meta":{"footnotes":""},"categories":[44],"tags":[],"class_list":["post-507","post","type-post","status-publish","format-standard","has-post-thumbnail","hentry","category-fachtage"],"yoast_head":"<!-- This site is optimized with the Yoast SEO plugin v27.5 - https:\/\/yoast.com\/product\/yoast-seo-wordpress\/ -->\n<title>Kinderschutzkonferenz st\u00e4rkt pr\u00e4ventive Netzwerke &#8226; LOS-Family FACHLEUTE<\/title>\n<meta name=\"robots\" content=\"index, follow, max-snippet:-1, max-image-preview:large, max-video-preview:-1\" \/>\n<link rel=\"canonical\" href=\"https:\/\/los-family.de\/fachleute\/2014\/12\/10\/kinderschutzkonferenz-staerkt-praeventive-netzwerke\/\" \/>\n<meta property=\"og:locale\" content=\"de_DE\" \/>\n<meta property=\"og:type\" content=\"article\" \/>\n<meta property=\"og:title\" content=\"Kinderschutzkonferenz st\u00e4rkt pr\u00e4ventive Netzwerke &#8226; LOS-Family FACHLEUTE\" \/>\n<meta property=\"og:url\" content=\"https:\/\/los-family.de\/fachleute\/2014\/12\/10\/kinderschutzkonferenz-staerkt-praeventive-netzwerke\/\" \/>\n<meta property=\"og:site_name\" content=\"LOS-Family FACHLEUTE\" \/>\n<meta property=\"article:published_time\" content=\"2014-12-10T20:25:39+00:00\" \/>\n<meta property=\"article:modified_time\" content=\"2015-12-21T18:24:35+00:00\" \/>\n<meta property=\"og:image\" content=\"https:\/\/los-family.de\/fachleute\/wp-content\/uploads\/2014\/12\/Kinderschutzkonferenz_Tableau-1024x752.jpg\" \/>\n\t<meta property=\"og:image:width\" content=\"1024\" \/>\n\t<meta property=\"og:image:height\" content=\"752\" \/>\n\t<meta property=\"og:image:type\" content=\"image\/jpeg\" \/>\n<meta name=\"author\" content=\"admin\" \/>\n<meta name=\"twitter:card\" content=\"summary_large_image\" \/>\n<meta name=\"twitter:label1\" content=\"Verfasst von\" \/>\n\t<meta name=\"twitter:data1\" content=\"admin\" \/>\n\t<meta name=\"twitter:label2\" content=\"Gesch\u00e4tzte Lesezeit\" \/>\n\t<meta name=\"twitter:data2\" content=\"4\u00a0Minuten\" \/>\n<script type=\"application\/ld+json\" class=\"yoast-schema-graph\">{\"@context\":\"https:\\\/\\\/schema.org\",\"@graph\":[{\"@type\":\"Article\",\"@id\":\"https:\\\/\\\/los-family.de\\\/fachleute\\\/2014\\\/12\\\/10\\\/kinderschutzkonferenz-staerkt-praeventive-netzwerke\\\/#article\",\"isPartOf\":{\"@id\":\"https:\\\/\\\/los-family.de\\\/fachleute\\\/2014\\\/12\\\/10\\\/kinderschutzkonferenz-staerkt-praeventive-netzwerke\\\/\"},\"author\":{\"name\":\"admin\",\"@id\":\"https:\\\/\\\/los-family.de\\\/fachleute\\\/#\\\/schema\\\/person\\\/98e8b3931a2aaa9e4e26feac53ee60be\"},\"headline\":\"Kinderschutzkonferenz st\u00e4rkt pr\u00e4ventive Netzwerke\",\"datePublished\":\"2014-12-10T20:25:39+00:00\",\"dateModified\":\"2015-12-21T18:24:35+00:00\",\"mainEntityOfPage\":{\"@id\":\"https:\\\/\\\/los-family.de\\\/fachleute\\\/2014\\\/12\\\/10\\\/kinderschutzkonferenz-staerkt-praeventive-netzwerke\\\/\"},\"wordCount\":784,\"commentCount\":0,\"image\":{\"@id\":\"https:\\\/\\\/los-family.de\\\/fachleute\\\/2014\\\/12\\\/10\\\/kinderschutzkonferenz-staerkt-praeventive-netzwerke\\\/#primaryimage\"},\"thumbnailUrl\":\"https:\\\/\\\/los-family.de\\\/fachleute\\\/wp-content\\\/uploads\\\/2014\\\/12\\\/Kinderschutzkonferenz_Tableau.jpg\",\"articleSection\":[\"Fachtage\"],\"inLanguage\":\"de\",\"potentialAction\":[{\"@type\":\"CommentAction\",\"name\":\"Comment\",\"target\":[\"https:\\\/\\\/los-family.de\\\/fachleute\\\/2014\\\/12\\\/10\\\/kinderschutzkonferenz-staerkt-praeventive-netzwerke\\\/#respond\"]}]},{\"@type\":\"WebPage\",\"@id\":\"https:\\\/\\\/los-family.de\\\/fachleute\\\/2014\\\/12\\\/10\\\/kinderschutzkonferenz-staerkt-praeventive-netzwerke\\\/\",\"url\":\"https:\\\/\\\/los-family.de\\\/fachleute\\\/2014\\\/12\\\/10\\\/kinderschutzkonferenz-staerkt-praeventive-netzwerke\\\/\",\"name\":\"Kinderschutzkonferenz st\u00e4rkt pr\u00e4ventive Netzwerke &#8226; LOS-Family FACHLEUTE\",\"isPartOf\":{\"@id\":\"https:\\\/\\\/los-family.de\\\/fachleute\\\/#website\"},\"primaryImageOfPage\":{\"@id\":\"https:\\\/\\\/los-family.de\\\/fachleute\\\/2014\\\/12\\\/10\\\/kinderschutzkonferenz-staerkt-praeventive-netzwerke\\\/#primaryimage\"},\"image\":{\"@id\":\"https:\\\/\\\/los-family.de\\\/fachleute\\\/2014\\\/12\\\/10\\\/kinderschutzkonferenz-staerkt-praeventive-netzwerke\\\/#primaryimage\"},\"thumbnailUrl\":\"https:\\\/\\\/los-family.de\\\/fachleute\\\/wp-content\\\/uploads\\\/2014\\\/12\\\/Kinderschutzkonferenz_Tableau.jpg\",\"datePublished\":\"2014-12-10T20:25:39+00:00\",\"dateModified\":\"2015-12-21T18:24:35+00:00\",\"author\":{\"@id\":\"https:\\\/\\\/los-family.de\\\/fachleute\\\/#\\\/schema\\\/person\\\/98e8b3931a2aaa9e4e26feac53ee60be\"},\"breadcrumb\":{\"@id\":\"https:\\\/\\\/los-family.de\\\/fachleute\\\/2014\\\/12\\\/10\\\/kinderschutzkonferenz-staerkt-praeventive-netzwerke\\\/#breadcrumb\"},\"inLanguage\":\"de\",\"potentialAction\":[{\"@type\":\"ReadAction\",\"target\":[\"https:\\\/\\\/los-family.de\\\/fachleute\\\/2014\\\/12\\\/10\\\/kinderschutzkonferenz-staerkt-praeventive-netzwerke\\\/\"]}]},{\"@type\":\"ImageObject\",\"inLanguage\":\"de\",\"@id\":\"https:\\\/\\\/los-family.de\\\/fachleute\\\/2014\\\/12\\\/10\\\/kinderschutzkonferenz-staerkt-praeventive-netzwerke\\\/#primaryimage\",\"url\":\"https:\\\/\\\/los-family.de\\\/fachleute\\\/wp-content\\\/uploads\\\/2014\\\/12\\\/Kinderschutzkonferenz_Tableau.jpg\",\"contentUrl\":\"https:\\\/\\\/los-family.de\\\/fachleute\\\/wp-content\\\/uploads\\\/2014\\\/12\\\/Kinderschutzkonferenz_Tableau.jpg\",\"width\":3218,\"height\":2362,\"caption\":\"Kinderschutzkonferenz des Landkreises Oder-Spree am 2. Dezember 2014 in Beeskow.\"},{\"@type\":\"BreadcrumbList\",\"@id\":\"https:\\\/\\\/los-family.de\\\/fachleute\\\/2014\\\/12\\\/10\\\/kinderschutzkonferenz-staerkt-praeventive-netzwerke\\\/#breadcrumb\",\"itemListElement\":[{\"@type\":\"ListItem\",\"position\":1,\"name\":\"Startseite\",\"item\":\"https:\\\/\\\/los-family.de\\\/fachleute\\\/\"},{\"@type\":\"ListItem\",\"position\":2,\"name\":\"Kinderschutzkonferenz st\u00e4rkt pr\u00e4ventive Netzwerke\"}]},{\"@type\":\"WebSite\",\"@id\":\"https:\\\/\\\/los-family.de\\\/fachleute\\\/#website\",\"url\":\"https:\\\/\\\/los-family.de\\\/fachleute\\\/\",\"name\":\"LOS-Family FACHLEUTE\",\"description\":\"Das Netzwerk f\u00fcr &quot;Fr\u00fche Hilfen&quot; im LOS\",\"potentialAction\":[{\"@type\":\"SearchAction\",\"target\":{\"@type\":\"EntryPoint\",\"urlTemplate\":\"https:\\\/\\\/los-family.de\\\/fachleute\\\/?s={search_term_string}\"},\"query-input\":{\"@type\":\"PropertyValueSpecification\",\"valueRequired\":true,\"valueName\":\"search_term_string\"}}],\"inLanguage\":\"de\"},{\"@type\":\"Person\",\"@id\":\"https:\\\/\\\/los-family.de\\\/fachleute\\\/#\\\/schema\\\/person\\\/98e8b3931a2aaa9e4e26feac53ee60be\",\"name\":\"admin\",\"image\":{\"@type\":\"ImageObject\",\"inLanguage\":\"de\",\"@id\":\"https:\\\/\\\/secure.gravatar.com\\\/avatar\\\/62951db2633549e71b2f5e8291435f23122fde1dffa74f0178bdc5a120295475?s=96&d=mm&r=g\",\"url\":\"https:\\\/\\\/secure.gravatar.com\\\/avatar\\\/62951db2633549e71b2f5e8291435f23122fde1dffa74f0178bdc5a120295475?s=96&d=mm&r=g\",\"contentUrl\":\"https:\\\/\\\/secure.gravatar.com\\\/avatar\\\/62951db2633549e71b2f5e8291435f23122fde1dffa74f0178bdc5a120295475?s=96&d=mm&r=g\",\"caption\":\"admin\"}}]}<\/script>\n<!-- \/ Yoast SEO plugin. -->","yoast_head_json":{"title":"Kinderschutzkonferenz st\u00e4rkt pr\u00e4ventive Netzwerke &#8226; LOS-Family FACHLEUTE","robots":{"index":"index","follow":"follow","max-snippet":"max-snippet:-1","max-image-preview":"max-image-preview:large","max-video-preview":"max-video-preview:-1"},"canonical":"https:\/\/los-family.de\/fachleute\/2014\/12\/10\/kinderschutzkonferenz-staerkt-praeventive-netzwerke\/","og_locale":"de_DE","og_type":"article","og_title":"Kinderschutzkonferenz st\u00e4rkt pr\u00e4ventive Netzwerke &#8226; LOS-Family FACHLEUTE","og_url":"https:\/\/los-family.de\/fachleute\/2014\/12\/10\/kinderschutzkonferenz-staerkt-praeventive-netzwerke\/","og_site_name":"LOS-Family FACHLEUTE","article_published_time":"2014-12-10T20:25:39+00:00","article_modified_time":"2015-12-21T18:24:35+00:00","og_image":[{"width":1024,"height":752,"url":"https:\/\/los-family.de\/fachleute\/wp-content\/uploads\/2014\/12\/Kinderschutzkonferenz_Tableau-1024x752.jpg","type":"image\/jpeg"}],"author":"admin","twitter_card":"summary_large_image","twitter_misc":{"Verfasst von":"admin","Gesch\u00e4tzte Lesezeit":"4\u00a0Minuten"},"schema":{"@context":"https:\/\/schema.org","@graph":[{"@type":"Article","@id":"https:\/\/los-family.de\/fachleute\/2014\/12\/10\/kinderschutzkonferenz-staerkt-praeventive-netzwerke\/#article","isPartOf":{"@id":"https:\/\/los-family.de\/fachleute\/2014\/12\/10\/kinderschutzkonferenz-staerkt-praeventive-netzwerke\/"},"author":{"name":"admin","@id":"https:\/\/los-family.de\/fachleute\/#\/schema\/person\/98e8b3931a2aaa9e4e26feac53ee60be"},"headline":"Kinderschutzkonferenz st\u00e4rkt pr\u00e4ventive Netzwerke","datePublished":"2014-12-10T20:25:39+00:00","dateModified":"2015-12-21T18:24:35+00:00","mainEntityOfPage":{"@id":"https:\/\/los-family.de\/fachleute\/2014\/12\/10\/kinderschutzkonferenz-staerkt-praeventive-netzwerke\/"},"wordCount":784,"commentCount":0,"image":{"@id":"https:\/\/los-family.de\/fachleute\/2014\/12\/10\/kinderschutzkonferenz-staerkt-praeventive-netzwerke\/#primaryimage"},"thumbnailUrl":"https:\/\/los-family.de\/fachleute\/wp-content\/uploads\/2014\/12\/Kinderschutzkonferenz_Tableau.jpg","articleSection":["Fachtage"],"inLanguage":"de","potentialAction":[{"@type":"CommentAction","name":"Comment","target":["https:\/\/los-family.de\/fachleute\/2014\/12\/10\/kinderschutzkonferenz-staerkt-praeventive-netzwerke\/#respond"]}]},{"@type":"WebPage","@id":"https:\/\/los-family.de\/fachleute\/2014\/12\/10\/kinderschutzkonferenz-staerkt-praeventive-netzwerke\/","url":"https:\/\/los-family.de\/fachleute\/2014\/12\/10\/kinderschutzkonferenz-staerkt-praeventive-netzwerke\/","name":"Kinderschutzkonferenz st\u00e4rkt pr\u00e4ventive Netzwerke &#8226; LOS-Family FACHLEUTE","isPartOf":{"@id":"https:\/\/los-family.de\/fachleute\/#website"},"primaryImageOfPage":{"@id":"https:\/\/los-family.de\/fachleute\/2014\/12\/10\/kinderschutzkonferenz-staerkt-praeventive-netzwerke\/#primaryimage"},"image":{"@id":"https:\/\/los-family.de\/fachleute\/2014\/12\/10\/kinderschutzkonferenz-staerkt-praeventive-netzwerke\/#primaryimage"},"thumbnailUrl":"https:\/\/los-family.de\/fachleute\/wp-content\/uploads\/2014\/12\/Kinderschutzkonferenz_Tableau.jpg","datePublished":"2014-12-10T20:25:39+00:00","dateModified":"2015-12-21T18:24:35+00:00","author":{"@id":"https:\/\/los-family.de\/fachleute\/#\/schema\/person\/98e8b3931a2aaa9e4e26feac53ee60be"},"breadcrumb":{"@id":"https:\/\/los-family.de\/fachleute\/2014\/12\/10\/kinderschutzkonferenz-staerkt-praeventive-netzwerke\/#breadcrumb"},"inLanguage":"de","potentialAction":[{"@type":"ReadAction","target":["https:\/\/los-family.de\/fachleute\/2014\/12\/10\/kinderschutzkonferenz-staerkt-praeventive-netzwerke\/"]}]},{"@type":"ImageObject","inLanguage":"de","@id":"https:\/\/los-family.de\/fachleute\/2014\/12\/10\/kinderschutzkonferenz-staerkt-praeventive-netzwerke\/#primaryimage","url":"https:\/\/los-family.de\/fachleute\/wp-content\/uploads\/2014\/12\/Kinderschutzkonferenz_Tableau.jpg","contentUrl":"https:\/\/los-family.de\/fachleute\/wp-content\/uploads\/2014\/12\/Kinderschutzkonferenz_Tableau.jpg","width":3218,"height":2362,"caption":"Kinderschutzkonferenz des Landkreises Oder-Spree am 2. Dezember 2014 in Beeskow."},{"@type":"BreadcrumbList","@id":"https:\/\/los-family.de\/fachleute\/2014\/12\/10\/kinderschutzkonferenz-staerkt-praeventive-netzwerke\/#breadcrumb","itemListElement":[{"@type":"ListItem","position":1,"name":"Startseite","item":"https:\/\/los-family.de\/fachleute\/"},{"@type":"ListItem","position":2,"name":"Kinderschutzkonferenz st\u00e4rkt pr\u00e4ventive Netzwerke"}]},{"@type":"WebSite","@id":"https:\/\/los-family.de\/fachleute\/#website","url":"https:\/\/los-family.de\/fachleute\/","name":"LOS-Family FACHLEUTE","description":"Das Netzwerk f\u00fcr &quot;Fr\u00fche Hilfen&quot; im LOS","potentialAction":[{"@type":"SearchAction","target":{"@type":"EntryPoint","urlTemplate":"https:\/\/los-family.de\/fachleute\/?s={search_term_string}"},"query-input":{"@type":"PropertyValueSpecification","valueRequired":true,"valueName":"search_term_string"}}],"inLanguage":"de"},{"@type":"Person","@id":"https:\/\/los-family.de\/fachleute\/#\/schema\/person\/98e8b3931a2aaa9e4e26feac53ee60be","name":"admin","image":{"@type":"ImageObject","inLanguage":"de","@id":"https:\/\/secure.gravatar.com\/avatar\/62951db2633549e71b2f5e8291435f23122fde1dffa74f0178bdc5a120295475?s=96&d=mm&r=g","url":"https:\/\/secure.gravatar.com\/avatar\/62951db2633549e71b2f5e8291435f23122fde1dffa74f0178bdc5a120295475?s=96&d=mm&r=g","contentUrl":"https:\/\/secure.gravatar.com\/avatar\/62951db2633549e71b2f5e8291435f23122fde1dffa74f0178bdc5a120295475?s=96&d=mm&r=g","caption":"admin"}}]}},"_links":{"self":[{"href":"https:\/\/los-family.de\/fachleute\/wp-json\/wp\/v2\/posts\/507","targetHints":{"allow":["GET"]}}],"collection":[{"href":"https:\/\/los-family.de\/fachleute\/wp-json\/wp\/v2\/posts"}],"about":[{"href":"https:\/\/los-family.de\/fachleute\/wp-json\/wp\/v2\/types\/post"}],"author":[{"embeddable":true,"href":"https:\/\/los-family.de\/fachleute\/wp-json\/wp\/v2\/users\/7"}],"replies":[{"embeddable":true,"href":"https:\/\/los-family.de\/fachleute\/wp-json\/wp\/v2\/comments?post=507"}],"version-history":[{"count":9,"href":"https:\/\/los-family.de\/fachleute\/wp-json\/wp\/v2\/posts\/507\/revisions"}],"predecessor-version":[{"id":562,"href":"https:\/\/los-family.de\/fachleute\/wp-json\/wp\/v2\/posts\/507\/revisions\/562"}],"wp:featuredmedia":[{"embeddable":true,"href":"https:\/\/los-family.de\/fachleute\/wp-json\/wp\/v2\/media\/515"}],"wp:attachment":[{"href":"https:\/\/los-family.de\/fachleute\/wp-json\/wp\/v2\/media?parent=507"}],"wp:term":[{"taxonomy":"category","embeddable":true,"href":"https:\/\/los-family.de\/fachleute\/wp-json\/wp\/v2\/categories?post=507"},{"taxonomy":"post_tag","embeddable":true,"href":"https:\/\/los-family.de\/fachleute\/wp-json\/wp\/v2\/tags?post=507"}],"curies":[{"name":"wp","href":"https:\/\/api.w.org\/{rel}","templated":true}]}}