{"id":3360,"date":"2024-08-23T11:50:40","date_gmt":"2024-08-23T09:50:40","guid":{"rendered":"https:\/\/los-family.de\/fachleute\/?p=3360"},"modified":"2024-08-23T11:50:40","modified_gmt":"2024-08-23T09:50:40","slug":"aktionswoche-fasd","status":"publish","type":"post","link":"https:\/\/los-family.de\/fachleute\/2024\/08\/23\/aktionswoche-fasd\/","title":{"rendered":"Aktionswoche FASD"},"content":{"rendered":"<p>Vom <strong>09.09. bis 16.09.2024<\/strong> findet eine vom FASD Deutschland e.V. initiierte <strong>Aktionswoche<\/strong> statt, die viele Veranstaltungen in Pr\u00e4senz aber auch online anbietet.<\/p>\n<p><strong>FASD: Fetal Alcohol Spectrum Disorders<\/strong><\/p>\n<div class=\"wpaicg-chat-shortcode-content\">\n<p><span id=\"wpaicg-chat-message-39788\" class=\"wpaicg-chat-message\">Fetal Alcohol Spectrum Disorders (FASD) sind eine Gruppe von Erkrankungen, die durch den Konsum von Alkohol w\u00e4hrend der Schwangerschaft verursacht werden. Diese St\u00f6rungen k\u00f6nnen eine Vielzahl von physischen, kognitiven und verhaltensbezogenen Problemen umfassen, die das Leben\/ die Gesundheit der betroffenen Personen erheblich beeinflussen k\u00f6nnen.<\/p>\n<p>Die h\u00e4ufigste Form von FASD ist das Fetal Alcohol Syndrome (FAS), das durch charakteristische Gesichtsz\u00fcge, Wachstumsverz\u00f6gerungen und neurologische Beeintr\u00e4chtigungen gekennzeichnet ist. Menschen mit FASD k\u00f6nnen Schwierigkeiten in der Schule haben, soziale Interaktionen herausfordernd finden und ein erh\u00f6htes Risiko f\u00fcr psychische Erkrankungen aufweisen.<\/p>\n<p>Die Pr\u00e4vention von FASD ist von gr\u00f6\u00dfter Bedeutung. Schwangeren Frauen wird geraten, w\u00e4hrend der gesamten Schwangerschaft auf Alkohol zu verzichten, um das Risiko f\u00fcr ihr ungeborenes Kind zu minimieren. Aufkl\u00e4rung und Unterst\u00fctzung sind entscheidend, um das Bewusstsein f\u00fcr die Gefahren des Alkoholkonsums in der Schwangerschaft zu sch\u00e4rfen.<\/p>\n<p>Die Behandlung von FASD erfordert einen multidisziplin\u00e4ren Ansatz, der medizinische, therapeutische und p\u00e4dagogische Unterst\u00fctzung umfasst. Fr\u00fchzeitige Interventionen k\u00f6nnen helfen, die Lebensqualit\u00e4t der Betroffenen zu verbessern und ihnen ein erf\u00fclltes Leben zu erm\u00f6glichen.<\/p>\n<p>Insgesamt ist es wichtig, FASD als ernstzunehmendes Gesundheitsproblem zu erkennen und die Gesellschaft \u00fcber die Risiken des Alkoholkonsums w\u00e4hrend der Schwangerschaft aufzukl\u00e4ren. Nur durch gemeinsames Handeln k\u00f6nnen wir die Zahl der betroffenen Kinder reduzieren und ihnen die Unterst\u00fctzung bieten, die sie ben\u00f6tigen.<\/span><\/p>\n<\/div>\n<p>Auf der <a href=\"https:\/\/www.fasd-deutschland.de\/#veranstaltungen\">Webseite des Vereins<\/a> findet man viele Informationen zum Thema FASD, Informationsmaterial zum Download oder zum Bestellen und die genannten Veranstaltungshinweise der Aktionswoche.<\/p>\n","protected":false},"excerpt":{"rendered":"<p>Vom 09.09. bis 16.09.2024 findet eine vom FASD Deutschland e.V. initiierte Aktionswoche statt, die viele Veranstaltungen in Pr\u00e4senz aber auch online anbietet. FASD: Fetal Alcohol Spectrum Disorders Fetal Alcohol Spectrum Disorders (FASD) sind eine Gruppe von Erkrankungen, die durch den Konsum von Alkohol w\u00e4hrend der Schwangerschaft verursacht werden. Diese St\u00f6rungen k\u00f6nnen eine Vielzahl von physischen,&hellip; <a class=\"continue\" href=\"https:\/\/los-family.de\/fachleute\/2024\/08\/23\/aktionswoche-fasd\/\">Continue Reading<span> Aktionswoche FASD<\/span><\/a><\/p>\n","protected":false},"author":2,"featured_media":3361,"comment_status":"open","ping_status":"open","sticky":false,"template":"","format":"standard","meta":{"footnotes":""},"categories":[1],"tags":[107,110,108,109],"class_list":["post-3360","post","type-post","status-publish","format-standard","has-post-thumbnail","hentry","category-allgemein","tag-fasd","tag-praevention","tag-schaedigung-ungeborenes","tag-unterstuetzung"],"yoast_head":"<!-- This site is optimized with the Yoast SEO plugin v27.5 - https:\/\/yoast.com\/product\/yoast-seo-wordpress\/ -->\n<title>Aktionswoche FASD &#8226; LOS-Family FACHLEUTE<\/title>\n<meta name=\"robots\" content=\"index, follow, max-snippet:-1, max-image-preview:large, max-video-preview:-1\" \/>\n<link rel=\"canonical\" href=\"https:\/\/los-family.de\/fachleute\/2024\/08\/23\/aktionswoche-fasd\/\" \/>\n<meta property=\"og:locale\" content=\"de_DE\" \/>\n<meta property=\"og:type\" content=\"article\" \/>\n<meta property=\"og:title\" content=\"Aktionswoche FASD &#8226; LOS-Family FACHLEUTE\" \/>\n<meta property=\"og:description\" content=\"Vom 09.09. bis 16.09.2024 findet eine vom FASD Deutschland e.V. initiierte Aktionswoche statt, die viele Veranstaltungen in Pr\u00e4senz aber auch online anbietet. FASD: Fetal Alcohol Spectrum Disorders Fetal Alcohol Spectrum Disorders (FASD) sind eine Gruppe von Erkrankungen, die durch den Konsum von Alkohol w\u00e4hrend der Schwangerschaft verursacht werden. Diese St\u00f6rungen k\u00f6nnen eine Vielzahl von physischen,&hellip; Continue Reading Aktionswoche FASD\" \/>\n<meta property=\"og:url\" content=\"https:\/\/los-family.de\/fachleute\/2024\/08\/23\/aktionswoche-fasd\/\" \/>\n<meta property=\"og:site_name\" content=\"LOS-Family FACHLEUTE\" \/>\n<meta property=\"article:published_time\" content=\"2024-08-23T09:50:40+00:00\" \/>\n<meta property=\"og:image\" content=\"https:\/\/los-family.de\/fachleute\/wp-content\/uploads\/2024\/08\/FASD-Deutschland.png\" \/>\n\t<meta property=\"og:image:width\" content=\"331\" \/>\n\t<meta property=\"og:image:height\" content=\"261\" \/>\n\t<meta property=\"og:image:type\" content=\"image\/png\" \/>\n<meta name=\"author\" content=\"Jeanett Kleinert\" \/>\n<meta name=\"twitter:card\" content=\"summary_large_image\" \/>\n<meta name=\"twitter:label1\" content=\"Verfasst von\" \/>\n\t<meta name=\"twitter:data1\" content=\"Jeanett Kleinert\" \/>\n\t<meta name=\"twitter:label2\" content=\"Gesch\u00e4tzte Lesezeit\" \/>\n\t<meta name=\"twitter:data2\" content=\"2\u00a0Minuten\" \/>\n<script type=\"application\/ld+json\" class=\"yoast-schema-graph\">{\"@context\":\"https:\\\/\\\/schema.org\",\"@graph\":[{\"@type\":\"Article\",\"@id\":\"https:\\\/\\\/los-family.de\\\/fachleute\\\/2024\\\/08\\\/23\\\/aktionswoche-fasd\\\/#article\",\"isPartOf\":{\"@id\":\"https:\\\/\\\/los-family.de\\\/fachleute\\\/2024\\\/08\\\/23\\\/aktionswoche-fasd\\\/\"},\"author\":{\"name\":\"Jeanett Kleinert\",\"@id\":\"https:\\\/\\\/los-family.de\\\/fachleute\\\/#\\\/schema\\\/person\\\/0255b3cfe6c238de92ef325d568514b1\"},\"headline\":\"Aktionswoche FASD\",\"datePublished\":\"2024-08-23T09:50:40+00:00\",\"mainEntityOfPage\":{\"@id\":\"https:\\\/\\\/los-family.de\\\/fachleute\\\/2024\\\/08\\\/23\\\/aktionswoche-fasd\\\/\"},\"wordCount\":292,\"commentCount\":0,\"image\":{\"@id\":\"https:\\\/\\\/los-family.de\\\/fachleute\\\/2024\\\/08\\\/23\\\/aktionswoche-fasd\\\/#primaryimage\"},\"thumbnailUrl\":\"https:\\\/\\\/los-family.de\\\/fachleute\\\/wp-content\\\/uploads\\\/2024\\\/08\\\/FASD-Deutschland.png\",\"keywords\":[\"FASD\",\"Pr\u00e4vention\",\"Sch\u00e4digung Ungeborenes\",\"Unterst\u00fctzung\"],\"inLanguage\":\"de\",\"potentialAction\":[{\"@type\":\"CommentAction\",\"name\":\"Comment\",\"target\":[\"https:\\\/\\\/los-family.de\\\/fachleute\\\/2024\\\/08\\\/23\\\/aktionswoche-fasd\\\/#respond\"]}]},{\"@type\":\"WebPage\",\"@id\":\"https:\\\/\\\/los-family.de\\\/fachleute\\\/2024\\\/08\\\/23\\\/aktionswoche-fasd\\\/\",\"url\":\"https:\\\/\\\/los-family.de\\\/fachleute\\\/2024\\\/08\\\/23\\\/aktionswoche-fasd\\\/\",\"name\":\"Aktionswoche FASD &#8226; LOS-Family FACHLEUTE\",\"isPartOf\":{\"@id\":\"https:\\\/\\\/los-family.de\\\/fachleute\\\/#website\"},\"primaryImageOfPage\":{\"@id\":\"https:\\\/\\\/los-family.de\\\/fachleute\\\/2024\\\/08\\\/23\\\/aktionswoche-fasd\\\/#primaryimage\"},\"image\":{\"@id\":\"https:\\\/\\\/los-family.de\\\/fachleute\\\/2024\\\/08\\\/23\\\/aktionswoche-fasd\\\/#primaryimage\"},\"thumbnailUrl\":\"https:\\\/\\\/los-family.de\\\/fachleute\\\/wp-content\\\/uploads\\\/2024\\\/08\\\/FASD-Deutschland.png\",\"datePublished\":\"2024-08-23T09:50:40+00:00\",\"author\":{\"@id\":\"https:\\\/\\\/los-family.de\\\/fachleute\\\/#\\\/schema\\\/person\\\/0255b3cfe6c238de92ef325d568514b1\"},\"breadcrumb\":{\"@id\":\"https:\\\/\\\/los-family.de\\\/fachleute\\\/2024\\\/08\\\/23\\\/aktionswoche-fasd\\\/#breadcrumb\"},\"inLanguage\":\"de\",\"potentialAction\":[{\"@type\":\"ReadAction\",\"target\":[\"https:\\\/\\\/los-family.de\\\/fachleute\\\/2024\\\/08\\\/23\\\/aktionswoche-fasd\\\/\"]}]},{\"@type\":\"ImageObject\",\"inLanguage\":\"de\",\"@id\":\"https:\\\/\\\/los-family.de\\\/fachleute\\\/2024\\\/08\\\/23\\\/aktionswoche-fasd\\\/#primaryimage\",\"url\":\"https:\\\/\\\/los-family.de\\\/fachleute\\\/wp-content\\\/uploads\\\/2024\\\/08\\\/FASD-Deutschland.png\",\"contentUrl\":\"https:\\\/\\\/los-family.de\\\/fachleute\\\/wp-content\\\/uploads\\\/2024\\\/08\\\/FASD-Deutschland.png\",\"width\":331,\"height\":261},{\"@type\":\"BreadcrumbList\",\"@id\":\"https:\\\/\\\/los-family.de\\\/fachleute\\\/2024\\\/08\\\/23\\\/aktionswoche-fasd\\\/#breadcrumb\",\"itemListElement\":[{\"@type\":\"ListItem\",\"position\":1,\"name\":\"Startseite\",\"item\":\"https:\\\/\\\/los-family.de\\\/fachleute\\\/\"},{\"@type\":\"ListItem\",\"position\":2,\"name\":\"Aktionswoche FASD\"}]},{\"@type\":\"WebSite\",\"@id\":\"https:\\\/\\\/los-family.de\\\/fachleute\\\/#website\",\"url\":\"https:\\\/\\\/los-family.de\\\/fachleute\\\/\",\"name\":\"LOS-Family FACHLEUTE\",\"description\":\"Das Netzwerk f\u00fcr &quot;Fr\u00fche Hilfen&quot; im LOS\",\"potentialAction\":[{\"@type\":\"SearchAction\",\"target\":{\"@type\":\"EntryPoint\",\"urlTemplate\":\"https:\\\/\\\/los-family.de\\\/fachleute\\\/?s={search_term_string}\"},\"query-input\":{\"@type\":\"PropertyValueSpecification\",\"valueRequired\":true,\"valueName\":\"search_term_string\"}}],\"inLanguage\":\"de\"},{\"@type\":\"Person\",\"@id\":\"https:\\\/\\\/los-family.de\\\/fachleute\\\/#\\\/schema\\\/person\\\/0255b3cfe6c238de92ef325d568514b1\",\"name\":\"Jeanett Kleinert\",\"image\":{\"@type\":\"ImageObject\",\"inLanguage\":\"de\",\"@id\":\"https:\\\/\\\/secure.gravatar.com\\\/avatar\\\/f7567fae13271a640a8f6514d1dfd068eb81f963f6813013a3adb0944674b6ea?s=96&d=mm&r=g\",\"url\":\"https:\\\/\\\/secure.gravatar.com\\\/avatar\\\/f7567fae13271a640a8f6514d1dfd068eb81f963f6813013a3adb0944674b6ea?s=96&d=mm&r=g\",\"contentUrl\":\"https:\\\/\\\/secure.gravatar.com\\\/avatar\\\/f7567fae13271a640a8f6514d1dfd068eb81f963f6813013a3adb0944674b6ea?s=96&d=mm&r=g\",\"caption\":\"Jeanett Kleinert\"}}]}<\/script>\n<!-- \/ Yoast SEO plugin. -->","yoast_head_json":{"title":"Aktionswoche FASD &#8226; LOS-Family FACHLEUTE","robots":{"index":"index","follow":"follow","max-snippet":"max-snippet:-1","max-image-preview":"max-image-preview:large","max-video-preview":"max-video-preview:-1"},"canonical":"https:\/\/los-family.de\/fachleute\/2024\/08\/23\/aktionswoche-fasd\/","og_locale":"de_DE","og_type":"article","og_title":"Aktionswoche FASD &#8226; LOS-Family FACHLEUTE","og_description":"Vom 09.09. bis 16.09.2024 findet eine vom FASD Deutschland e.V. initiierte Aktionswoche statt, die viele Veranstaltungen in Pr\u00e4senz aber auch online anbietet. FASD: Fetal Alcohol Spectrum Disorders Fetal Alcohol Spectrum Disorders (FASD) sind eine Gruppe von Erkrankungen, die durch den Konsum von Alkohol w\u00e4hrend der Schwangerschaft verursacht werden. Diese St\u00f6rungen k\u00f6nnen eine Vielzahl von physischen,&hellip; Continue Reading Aktionswoche FASD","og_url":"https:\/\/los-family.de\/fachleute\/2024\/08\/23\/aktionswoche-fasd\/","og_site_name":"LOS-Family FACHLEUTE","article_published_time":"2024-08-23T09:50:40+00:00","og_image":[{"width":331,"height":261,"url":"https:\/\/los-family.de\/fachleute\/wp-content\/uploads\/2024\/08\/FASD-Deutschland.png","type":"image\/png"}],"author":"Jeanett Kleinert","twitter_card":"summary_large_image","twitter_misc":{"Verfasst von":"Jeanett Kleinert","Gesch\u00e4tzte Lesezeit":"2\u00a0Minuten"},"schema":{"@context":"https:\/\/schema.org","@graph":[{"@type":"Article","@id":"https:\/\/los-family.de\/fachleute\/2024\/08\/23\/aktionswoche-fasd\/#article","isPartOf":{"@id":"https:\/\/los-family.de\/fachleute\/2024\/08\/23\/aktionswoche-fasd\/"},"author":{"name":"Jeanett Kleinert","@id":"https:\/\/los-family.de\/fachleute\/#\/schema\/person\/0255b3cfe6c238de92ef325d568514b1"},"headline":"Aktionswoche FASD","datePublished":"2024-08-23T09:50:40+00:00","mainEntityOfPage":{"@id":"https:\/\/los-family.de\/fachleute\/2024\/08\/23\/aktionswoche-fasd\/"},"wordCount":292,"commentCount":0,"image":{"@id":"https:\/\/los-family.de\/fachleute\/2024\/08\/23\/aktionswoche-fasd\/#primaryimage"},"thumbnailUrl":"https:\/\/los-family.de\/fachleute\/wp-content\/uploads\/2024\/08\/FASD-Deutschland.png","keywords":["FASD","Pr\u00e4vention","Sch\u00e4digung Ungeborenes","Unterst\u00fctzung"],"inLanguage":"de","potentialAction":[{"@type":"CommentAction","name":"Comment","target":["https:\/\/los-family.de\/fachleute\/2024\/08\/23\/aktionswoche-fasd\/#respond"]}]},{"@type":"WebPage","@id":"https:\/\/los-family.de\/fachleute\/2024\/08\/23\/aktionswoche-fasd\/","url":"https:\/\/los-family.de\/fachleute\/2024\/08\/23\/aktionswoche-fasd\/","name":"Aktionswoche FASD &#8226; LOS-Family FACHLEUTE","isPartOf":{"@id":"https:\/\/los-family.de\/fachleute\/#website"},"primaryImageOfPage":{"@id":"https:\/\/los-family.de\/fachleute\/2024\/08\/23\/aktionswoche-fasd\/#primaryimage"},"image":{"@id":"https:\/\/los-family.de\/fachleute\/2024\/08\/23\/aktionswoche-fasd\/#primaryimage"},"thumbnailUrl":"https:\/\/los-family.de\/fachleute\/wp-content\/uploads\/2024\/08\/FASD-Deutschland.png","datePublished":"2024-08-23T09:50:40+00:00","author":{"@id":"https:\/\/los-family.de\/fachleute\/#\/schema\/person\/0255b3cfe6c238de92ef325d568514b1"},"breadcrumb":{"@id":"https:\/\/los-family.de\/fachleute\/2024\/08\/23\/aktionswoche-fasd\/#breadcrumb"},"inLanguage":"de","potentialAction":[{"@type":"ReadAction","target":["https:\/\/los-family.de\/fachleute\/2024\/08\/23\/aktionswoche-fasd\/"]}]},{"@type":"ImageObject","inLanguage":"de","@id":"https:\/\/los-family.de\/fachleute\/2024\/08\/23\/aktionswoche-fasd\/#primaryimage","url":"https:\/\/los-family.de\/fachleute\/wp-content\/uploads\/2024\/08\/FASD-Deutschland.png","contentUrl":"https:\/\/los-family.de\/fachleute\/wp-content\/uploads\/2024\/08\/FASD-Deutschland.png","width":331,"height":261},{"@type":"BreadcrumbList","@id":"https:\/\/los-family.de\/fachleute\/2024\/08\/23\/aktionswoche-fasd\/#breadcrumb","itemListElement":[{"@type":"ListItem","position":1,"name":"Startseite","item":"https:\/\/los-family.de\/fachleute\/"},{"@type":"ListItem","position":2,"name":"Aktionswoche FASD"}]},{"@type":"WebSite","@id":"https:\/\/los-family.de\/fachleute\/#website","url":"https:\/\/los-family.de\/fachleute\/","name":"LOS-Family FACHLEUTE","description":"Das Netzwerk f\u00fcr &quot;Fr\u00fche Hilfen&quot; im LOS","potentialAction":[{"@type":"SearchAction","target":{"@type":"EntryPoint","urlTemplate":"https:\/\/los-family.de\/fachleute\/?s={search_term_string}"},"query-input":{"@type":"PropertyValueSpecification","valueRequired":true,"valueName":"search_term_string"}}],"inLanguage":"de"},{"@type":"Person","@id":"https:\/\/los-family.de\/fachleute\/#\/schema\/person\/0255b3cfe6c238de92ef325d568514b1","name":"Jeanett Kleinert","image":{"@type":"ImageObject","inLanguage":"de","@id":"https:\/\/secure.gravatar.com\/avatar\/f7567fae13271a640a8f6514d1dfd068eb81f963f6813013a3adb0944674b6ea?s=96&d=mm&r=g","url":"https:\/\/secure.gravatar.com\/avatar\/f7567fae13271a640a8f6514d1dfd068eb81f963f6813013a3adb0944674b6ea?s=96&d=mm&r=g","contentUrl":"https:\/\/secure.gravatar.com\/avatar\/f7567fae13271a640a8f6514d1dfd068eb81f963f6813013a3adb0944674b6ea?s=96&d=mm&r=g","caption":"Jeanett Kleinert"}}]}},"_links":{"self":[{"href":"https:\/\/los-family.de\/fachleute\/wp-json\/wp\/v2\/posts\/3360","targetHints":{"allow":["GET"]}}],"collection":[{"href":"https:\/\/los-family.de\/fachleute\/wp-json\/wp\/v2\/posts"}],"about":[{"href":"https:\/\/los-family.de\/fachleute\/wp-json\/wp\/v2\/types\/post"}],"author":[{"embeddable":true,"href":"https:\/\/los-family.de\/fachleute\/wp-json\/wp\/v2\/users\/2"}],"replies":[{"embeddable":true,"href":"https:\/\/los-family.de\/fachleute\/wp-json\/wp\/v2\/comments?post=3360"}],"version-history":[{"count":3,"href":"https:\/\/los-family.de\/fachleute\/wp-json\/wp\/v2\/posts\/3360\/revisions"}],"predecessor-version":[{"id":3364,"href":"https:\/\/los-family.de\/fachleute\/wp-json\/wp\/v2\/posts\/3360\/revisions\/3364"}],"wp:featuredmedia":[{"embeddable":true,"href":"https:\/\/los-family.de\/fachleute\/wp-json\/wp\/v2\/media\/3361"}],"wp:attachment":[{"href":"https:\/\/los-family.de\/fachleute\/wp-json\/wp\/v2\/media?parent=3360"}],"wp:term":[{"taxonomy":"category","embeddable":true,"href":"https:\/\/los-family.de\/fachleute\/wp-json\/wp\/v2\/categories?post=3360"},{"taxonomy":"post_tag","embeddable":true,"href":"https:\/\/los-family.de\/fachleute\/wp-json\/wp\/v2\/tags?post=3360"}],"curies":[{"name":"wp","href":"https:\/\/api.w.org\/{rel}","templated":true}]}}