{"id":2714,"date":"2023-03-13T14:39:43","date_gmt":"2023-03-13T13:39:43","guid":{"rendered":"https:\/\/los-family.de\/fachleute\/?p=2714"},"modified":"2023-04-26T13:33:17","modified_gmt":"2023-04-26T11:33:17","slug":"kostenfreies-mittagessen-im-rahmen-des-bildungs-und-teilhabepakets","status":"publish","type":"post","link":"https:\/\/los-family.de\/fachleute\/2023\/03\/13\/kostenfreies-mittagessen-im-rahmen-des-bildungs-und-teilhabepakets\/","title":{"rendered":"Kostenfreies Mittagessen im Rahmen des Bildungs- und Teilhabepakets"},"content":{"rendered":"<p>Kinder und Jugendliche brauchen ein ausgewogenes, gesundheitsf\u00f6rderliches Mittagessen, um fit und konzentriert durch den Tag zu kommen. Auch das soziale Miteinander in der Mittagspause ist wichtig.<br \/>\nKostenfreie Verpflegungsangebote in Kitas und Schulen sind insbesondere f\u00fcr Kinder und Jugendliche aus finanziell benachteiligten Familien wichtig. Denn oft sind f\u00fcr diese Familien ausgewogene, gesundheitsf\u00f6rderliche Mahlzeiten schwer zu leisten.<br \/>\nDas kostenfreie Mittagessen im Rahmen des Bildungs- und Teilhabepakets erm\u00f6glicht diesen Kindern und Jugendlichen, unabh\u00e4ngig von der finanziellen Situation des Elternhauses, an der gemeinschaftlichen Mittagsverpflegung teilnehmen zu k\u00f6nnen.<\/p>\n<p>Quelle und mehr erfahren:\u00a0<a href=\"https:\/\/vernetzungsstelle-brandenburg.de\/kostenfreies-mittagessen-bildungs-und-teilhabepaket\/\">https:\/\/vernetzungsstelle-brandenburg.de\/kostenfreies-mittagessen-bildungs-und-teilhabepaket\/<\/a><\/p>\n<p>Antr\u00e4ge finden Sie f\u00fcr den Landkreis Oder-Spree unter:\u00a0<a href=\"https:\/\/los-ikiss.intranet.l-os.de\/Bildung-Soziales\/Bildung\/Bildung-und-Teilhabe\/\">https:\/\/los-ikiss.intranet.l-os.de\/Bildung-Soziales\/Bildung\/Bildung-und-Teilhabe\/<\/a><\/p>\n<p>Auf der genannten Seite sind auch Flyer und Infos zum Thema in verschiedenen Sprachen zu finden.<\/p>\n","protected":false},"excerpt":{"rendered":"<p>Kinder und Jugendliche brauchen ein ausgewogenes, gesundheitsf\u00f6rderliches Mittagessen, um fit und konzentriert durch den Tag zu kommen. Auch das soziale Miteinander in der Mittagspause ist wichtig. Kostenfreie Verpflegungsangebote in Kitas und Schulen sind insbesondere f\u00fcr Kinder und Jugendliche aus finanziell benachteiligten Familien wichtig. Denn oft sind f\u00fcr diese Familien ausgewogene, gesundheitsf\u00f6rderliche Mahlzeiten schwer zu leisten.&hellip; <a class=\"continue\" href=\"https:\/\/los-family.de\/fachleute\/2023\/03\/13\/kostenfreies-mittagessen-im-rahmen-des-bildungs-und-teilhabepakets\/\">Continue Reading<span> Kostenfreies Mittagessen im Rahmen des Bildungs- und Teilhabepakets<\/span><\/a><\/p>\n","protected":false},"author":2,"featured_media":2717,"comment_status":"open","ping_status":"open","sticky":false,"template":"","format":"standard","meta":{"footnotes":""},"categories":[1],"tags":[],"class_list":["post-2714","post","type-post","status-publish","format-standard","has-post-thumbnail","hentry","category-allgemein"],"yoast_head":"<!-- This site is optimized with the Yoast SEO plugin v27.5 - https:\/\/yoast.com\/product\/yoast-seo-wordpress\/ -->\n<title>Kostenfreies Mittagessen im Rahmen des Bildungs- und Teilhabepakets &#8226; LOS-Family FACHLEUTE<\/title>\n<meta name=\"robots\" content=\"index, follow, max-snippet:-1, max-image-preview:large, max-video-preview:-1\" \/>\n<link rel=\"canonical\" href=\"https:\/\/los-family.de\/fachleute\/2023\/03\/13\/kostenfreies-mittagessen-im-rahmen-des-bildungs-und-teilhabepakets\/\" \/>\n<meta property=\"og:locale\" content=\"de_DE\" \/>\n<meta property=\"og:type\" content=\"article\" \/>\n<meta property=\"og:title\" content=\"Kostenfreies Mittagessen im Rahmen des Bildungs- und Teilhabepakets &#8226; LOS-Family FACHLEUTE\" \/>\n<meta property=\"og:description\" content=\"Kinder und Jugendliche brauchen ein ausgewogenes, gesundheitsf\u00f6rderliches Mittagessen, um fit und konzentriert durch den Tag zu kommen. Auch das soziale Miteinander in der Mittagspause ist wichtig. Kostenfreie Verpflegungsangebote in Kitas und Schulen sind insbesondere f\u00fcr Kinder und Jugendliche aus finanziell benachteiligten Familien wichtig. Denn oft sind f\u00fcr diese Familien ausgewogene, gesundheitsf\u00f6rderliche Mahlzeiten schwer zu leisten.&hellip; Continue Reading Kostenfreies Mittagessen im Rahmen des Bildungs- und Teilhabepakets\" \/>\n<meta property=\"og:url\" content=\"https:\/\/los-family.de\/fachleute\/2023\/03\/13\/kostenfreies-mittagessen-im-rahmen-des-bildungs-und-teilhabepakets\/\" \/>\n<meta property=\"og:site_name\" content=\"LOS-Family FACHLEUTE\" \/>\n<meta property=\"article:published_time\" content=\"2023-03-13T13:39:43+00:00\" \/>\n<meta property=\"article:modified_time\" content=\"2023-04-26T11:33:17+00:00\" \/>\n<meta property=\"og:image\" content=\"https:\/\/los-family.de\/fachleute\/wp-content\/uploads\/2023\/03\/Schwangerenfruehstueck.jpg\" \/>\n\t<meta property=\"og:image:width\" content=\"1024\" \/>\n\t<meta property=\"og:image:height\" content=\"683\" \/>\n\t<meta property=\"og:image:type\" content=\"image\/jpeg\" \/>\n<meta name=\"author\" content=\"Jeanett Kleinert\" \/>\n<meta name=\"twitter:card\" content=\"summary_large_image\" \/>\n<meta name=\"twitter:label1\" content=\"Verfasst von\" \/>\n\t<meta name=\"twitter:data1\" content=\"Jeanett Kleinert\" \/>\n\t<meta name=\"twitter:label2\" content=\"Gesch\u00e4tzte Lesezeit\" \/>\n\t<meta name=\"twitter:data2\" content=\"1\u00a0Minute\" \/>\n<script type=\"application\/ld+json\" class=\"yoast-schema-graph\">{\"@context\":\"https:\\\/\\\/schema.org\",\"@graph\":[{\"@type\":\"Article\",\"@id\":\"https:\\\/\\\/los-family.de\\\/fachleute\\\/2023\\\/03\\\/13\\\/kostenfreies-mittagessen-im-rahmen-des-bildungs-und-teilhabepakets\\\/#article\",\"isPartOf\":{\"@id\":\"https:\\\/\\\/los-family.de\\\/fachleute\\\/2023\\\/03\\\/13\\\/kostenfreies-mittagessen-im-rahmen-des-bildungs-und-teilhabepakets\\\/\"},\"author\":{\"name\":\"Jeanett Kleinert\",\"@id\":\"https:\\\/\\\/los-family.de\\\/fachleute\\\/#\\\/schema\\\/person\\\/0255b3cfe6c238de92ef325d568514b1\"},\"headline\":\"Kostenfreies Mittagessen im Rahmen des Bildungs- und Teilhabepakets\",\"datePublished\":\"2023-03-13T13:39:43+00:00\",\"dateModified\":\"2023-04-26T11:33:17+00:00\",\"mainEntityOfPage\":{\"@id\":\"https:\\\/\\\/los-family.de\\\/fachleute\\\/2023\\\/03\\\/13\\\/kostenfreies-mittagessen-im-rahmen-des-bildungs-und-teilhabepakets\\\/\"},\"wordCount\":140,\"commentCount\":0,\"image\":{\"@id\":\"https:\\\/\\\/los-family.de\\\/fachleute\\\/2023\\\/03\\\/13\\\/kostenfreies-mittagessen-im-rahmen-des-bildungs-und-teilhabepakets\\\/#primaryimage\"},\"thumbnailUrl\":\"https:\\\/\\\/los-family.de\\\/fachleute\\\/wp-content\\\/uploads\\\/2023\\\/03\\\/Schwangerenfruehstueck.jpg\",\"inLanguage\":\"de\",\"potentialAction\":[{\"@type\":\"CommentAction\",\"name\":\"Comment\",\"target\":[\"https:\\\/\\\/los-family.de\\\/fachleute\\\/2023\\\/03\\\/13\\\/kostenfreies-mittagessen-im-rahmen-des-bildungs-und-teilhabepakets\\\/#respond\"]}]},{\"@type\":\"WebPage\",\"@id\":\"https:\\\/\\\/los-family.de\\\/fachleute\\\/2023\\\/03\\\/13\\\/kostenfreies-mittagessen-im-rahmen-des-bildungs-und-teilhabepakets\\\/\",\"url\":\"https:\\\/\\\/los-family.de\\\/fachleute\\\/2023\\\/03\\\/13\\\/kostenfreies-mittagessen-im-rahmen-des-bildungs-und-teilhabepakets\\\/\",\"name\":\"Kostenfreies Mittagessen im Rahmen des Bildungs- und Teilhabepakets &#8226; LOS-Family FACHLEUTE\",\"isPartOf\":{\"@id\":\"https:\\\/\\\/los-family.de\\\/fachleute\\\/#website\"},\"primaryImageOfPage\":{\"@id\":\"https:\\\/\\\/los-family.de\\\/fachleute\\\/2023\\\/03\\\/13\\\/kostenfreies-mittagessen-im-rahmen-des-bildungs-und-teilhabepakets\\\/#primaryimage\"},\"image\":{\"@id\":\"https:\\\/\\\/los-family.de\\\/fachleute\\\/2023\\\/03\\\/13\\\/kostenfreies-mittagessen-im-rahmen-des-bildungs-und-teilhabepakets\\\/#primaryimage\"},\"thumbnailUrl\":\"https:\\\/\\\/los-family.de\\\/fachleute\\\/wp-content\\\/uploads\\\/2023\\\/03\\\/Schwangerenfruehstueck.jpg\",\"datePublished\":\"2023-03-13T13:39:43+00:00\",\"dateModified\":\"2023-04-26T11:33:17+00:00\",\"author\":{\"@id\":\"https:\\\/\\\/los-family.de\\\/fachleute\\\/#\\\/schema\\\/person\\\/0255b3cfe6c238de92ef325d568514b1\"},\"breadcrumb\":{\"@id\":\"https:\\\/\\\/los-family.de\\\/fachleute\\\/2023\\\/03\\\/13\\\/kostenfreies-mittagessen-im-rahmen-des-bildungs-und-teilhabepakets\\\/#breadcrumb\"},\"inLanguage\":\"de\",\"potentialAction\":[{\"@type\":\"ReadAction\",\"target\":[\"https:\\\/\\\/los-family.de\\\/fachleute\\\/2023\\\/03\\\/13\\\/kostenfreies-mittagessen-im-rahmen-des-bildungs-und-teilhabepakets\\\/\"]}]},{\"@type\":\"ImageObject\",\"inLanguage\":\"de\",\"@id\":\"https:\\\/\\\/los-family.de\\\/fachleute\\\/2023\\\/03\\\/13\\\/kostenfreies-mittagessen-im-rahmen-des-bildungs-und-teilhabepakets\\\/#primaryimage\",\"url\":\"https:\\\/\\\/los-family.de\\\/fachleute\\\/wp-content\\\/uploads\\\/2023\\\/03\\\/Schwangerenfruehstueck.jpg\",\"contentUrl\":\"https:\\\/\\\/los-family.de\\\/fachleute\\\/wp-content\\\/uploads\\\/2023\\\/03\\\/Schwangerenfruehstueck.jpg\",\"width\":1024,\"height\":683},{\"@type\":\"BreadcrumbList\",\"@id\":\"https:\\\/\\\/los-family.de\\\/fachleute\\\/2023\\\/03\\\/13\\\/kostenfreies-mittagessen-im-rahmen-des-bildungs-und-teilhabepakets\\\/#breadcrumb\",\"itemListElement\":[{\"@type\":\"ListItem\",\"position\":1,\"name\":\"Startseite\",\"item\":\"https:\\\/\\\/los-family.de\\\/fachleute\\\/\"},{\"@type\":\"ListItem\",\"position\":2,\"name\":\"Kostenfreies Mittagessen im Rahmen des Bildungs- und Teilhabepakets\"}]},{\"@type\":\"WebSite\",\"@id\":\"https:\\\/\\\/los-family.de\\\/fachleute\\\/#website\",\"url\":\"https:\\\/\\\/los-family.de\\\/fachleute\\\/\",\"name\":\"LOS-Family FACHLEUTE\",\"description\":\"Das Netzwerk f\u00fcr &quot;Fr\u00fche Hilfen&quot; im LOS\",\"potentialAction\":[{\"@type\":\"SearchAction\",\"target\":{\"@type\":\"EntryPoint\",\"urlTemplate\":\"https:\\\/\\\/los-family.de\\\/fachleute\\\/?s={search_term_string}\"},\"query-input\":{\"@type\":\"PropertyValueSpecification\",\"valueRequired\":true,\"valueName\":\"search_term_string\"}}],\"inLanguage\":\"de\"},{\"@type\":\"Person\",\"@id\":\"https:\\\/\\\/los-family.de\\\/fachleute\\\/#\\\/schema\\\/person\\\/0255b3cfe6c238de92ef325d568514b1\",\"name\":\"Jeanett Kleinert\",\"image\":{\"@type\":\"ImageObject\",\"inLanguage\":\"de\",\"@id\":\"https:\\\/\\\/secure.gravatar.com\\\/avatar\\\/f7567fae13271a640a8f6514d1dfd068eb81f963f6813013a3adb0944674b6ea?s=96&d=mm&r=g\",\"url\":\"https:\\\/\\\/secure.gravatar.com\\\/avatar\\\/f7567fae13271a640a8f6514d1dfd068eb81f963f6813013a3adb0944674b6ea?s=96&d=mm&r=g\",\"contentUrl\":\"https:\\\/\\\/secure.gravatar.com\\\/avatar\\\/f7567fae13271a640a8f6514d1dfd068eb81f963f6813013a3adb0944674b6ea?s=96&d=mm&r=g\",\"caption\":\"Jeanett Kleinert\"}}]}<\/script>\n<!-- \/ Yoast SEO plugin. -->","yoast_head_json":{"title":"Kostenfreies Mittagessen im Rahmen des Bildungs- und Teilhabepakets &#8226; LOS-Family FACHLEUTE","robots":{"index":"index","follow":"follow","max-snippet":"max-snippet:-1","max-image-preview":"max-image-preview:large","max-video-preview":"max-video-preview:-1"},"canonical":"https:\/\/los-family.de\/fachleute\/2023\/03\/13\/kostenfreies-mittagessen-im-rahmen-des-bildungs-und-teilhabepakets\/","og_locale":"de_DE","og_type":"article","og_title":"Kostenfreies Mittagessen im Rahmen des Bildungs- und Teilhabepakets &#8226; LOS-Family FACHLEUTE","og_description":"Kinder und Jugendliche brauchen ein ausgewogenes, gesundheitsf\u00f6rderliches Mittagessen, um fit und konzentriert durch den Tag zu kommen. Auch das soziale Miteinander in der Mittagspause ist wichtig. Kostenfreie Verpflegungsangebote in Kitas und Schulen sind insbesondere f\u00fcr Kinder und Jugendliche aus finanziell benachteiligten Familien wichtig. Denn oft sind f\u00fcr diese Familien ausgewogene, gesundheitsf\u00f6rderliche Mahlzeiten schwer zu leisten.&hellip; Continue Reading Kostenfreies Mittagessen im Rahmen des Bildungs- und Teilhabepakets","og_url":"https:\/\/los-family.de\/fachleute\/2023\/03\/13\/kostenfreies-mittagessen-im-rahmen-des-bildungs-und-teilhabepakets\/","og_site_name":"LOS-Family FACHLEUTE","article_published_time":"2023-03-13T13:39:43+00:00","article_modified_time":"2023-04-26T11:33:17+00:00","og_image":[{"width":1024,"height":683,"url":"https:\/\/los-family.de\/fachleute\/wp-content\/uploads\/2023\/03\/Schwangerenfruehstueck.jpg","type":"image\/jpeg"}],"author":"Jeanett Kleinert","twitter_card":"summary_large_image","twitter_misc":{"Verfasst von":"Jeanett Kleinert","Gesch\u00e4tzte Lesezeit":"1\u00a0Minute"},"schema":{"@context":"https:\/\/schema.org","@graph":[{"@type":"Article","@id":"https:\/\/los-family.de\/fachleute\/2023\/03\/13\/kostenfreies-mittagessen-im-rahmen-des-bildungs-und-teilhabepakets\/#article","isPartOf":{"@id":"https:\/\/los-family.de\/fachleute\/2023\/03\/13\/kostenfreies-mittagessen-im-rahmen-des-bildungs-und-teilhabepakets\/"},"author":{"name":"Jeanett Kleinert","@id":"https:\/\/los-family.de\/fachleute\/#\/schema\/person\/0255b3cfe6c238de92ef325d568514b1"},"headline":"Kostenfreies Mittagessen im Rahmen des Bildungs- und Teilhabepakets","datePublished":"2023-03-13T13:39:43+00:00","dateModified":"2023-04-26T11:33:17+00:00","mainEntityOfPage":{"@id":"https:\/\/los-family.de\/fachleute\/2023\/03\/13\/kostenfreies-mittagessen-im-rahmen-des-bildungs-und-teilhabepakets\/"},"wordCount":140,"commentCount":0,"image":{"@id":"https:\/\/los-family.de\/fachleute\/2023\/03\/13\/kostenfreies-mittagessen-im-rahmen-des-bildungs-und-teilhabepakets\/#primaryimage"},"thumbnailUrl":"https:\/\/los-family.de\/fachleute\/wp-content\/uploads\/2023\/03\/Schwangerenfruehstueck.jpg","inLanguage":"de","potentialAction":[{"@type":"CommentAction","name":"Comment","target":["https:\/\/los-family.de\/fachleute\/2023\/03\/13\/kostenfreies-mittagessen-im-rahmen-des-bildungs-und-teilhabepakets\/#respond"]}]},{"@type":"WebPage","@id":"https:\/\/los-family.de\/fachleute\/2023\/03\/13\/kostenfreies-mittagessen-im-rahmen-des-bildungs-und-teilhabepakets\/","url":"https:\/\/los-family.de\/fachleute\/2023\/03\/13\/kostenfreies-mittagessen-im-rahmen-des-bildungs-und-teilhabepakets\/","name":"Kostenfreies Mittagessen im Rahmen des Bildungs- und Teilhabepakets &#8226; LOS-Family FACHLEUTE","isPartOf":{"@id":"https:\/\/los-family.de\/fachleute\/#website"},"primaryImageOfPage":{"@id":"https:\/\/los-family.de\/fachleute\/2023\/03\/13\/kostenfreies-mittagessen-im-rahmen-des-bildungs-und-teilhabepakets\/#primaryimage"},"image":{"@id":"https:\/\/los-family.de\/fachleute\/2023\/03\/13\/kostenfreies-mittagessen-im-rahmen-des-bildungs-und-teilhabepakets\/#primaryimage"},"thumbnailUrl":"https:\/\/los-family.de\/fachleute\/wp-content\/uploads\/2023\/03\/Schwangerenfruehstueck.jpg","datePublished":"2023-03-13T13:39:43+00:00","dateModified":"2023-04-26T11:33:17+00:00","author":{"@id":"https:\/\/los-family.de\/fachleute\/#\/schema\/person\/0255b3cfe6c238de92ef325d568514b1"},"breadcrumb":{"@id":"https:\/\/los-family.de\/fachleute\/2023\/03\/13\/kostenfreies-mittagessen-im-rahmen-des-bildungs-und-teilhabepakets\/#breadcrumb"},"inLanguage":"de","potentialAction":[{"@type":"ReadAction","target":["https:\/\/los-family.de\/fachleute\/2023\/03\/13\/kostenfreies-mittagessen-im-rahmen-des-bildungs-und-teilhabepakets\/"]}]},{"@type":"ImageObject","inLanguage":"de","@id":"https:\/\/los-family.de\/fachleute\/2023\/03\/13\/kostenfreies-mittagessen-im-rahmen-des-bildungs-und-teilhabepakets\/#primaryimage","url":"https:\/\/los-family.de\/fachleute\/wp-content\/uploads\/2023\/03\/Schwangerenfruehstueck.jpg","contentUrl":"https:\/\/los-family.de\/fachleute\/wp-content\/uploads\/2023\/03\/Schwangerenfruehstueck.jpg","width":1024,"height":683},{"@type":"BreadcrumbList","@id":"https:\/\/los-family.de\/fachleute\/2023\/03\/13\/kostenfreies-mittagessen-im-rahmen-des-bildungs-und-teilhabepakets\/#breadcrumb","itemListElement":[{"@type":"ListItem","position":1,"name":"Startseite","item":"https:\/\/los-family.de\/fachleute\/"},{"@type":"ListItem","position":2,"name":"Kostenfreies Mittagessen im Rahmen des Bildungs- und Teilhabepakets"}]},{"@type":"WebSite","@id":"https:\/\/los-family.de\/fachleute\/#website","url":"https:\/\/los-family.de\/fachleute\/","name":"LOS-Family FACHLEUTE","description":"Das Netzwerk f\u00fcr &quot;Fr\u00fche Hilfen&quot; im LOS","potentialAction":[{"@type":"SearchAction","target":{"@type":"EntryPoint","urlTemplate":"https:\/\/los-family.de\/fachleute\/?s={search_term_string}"},"query-input":{"@type":"PropertyValueSpecification","valueRequired":true,"valueName":"search_term_string"}}],"inLanguage":"de"},{"@type":"Person","@id":"https:\/\/los-family.de\/fachleute\/#\/schema\/person\/0255b3cfe6c238de92ef325d568514b1","name":"Jeanett Kleinert","image":{"@type":"ImageObject","inLanguage":"de","@id":"https:\/\/secure.gravatar.com\/avatar\/f7567fae13271a640a8f6514d1dfd068eb81f963f6813013a3adb0944674b6ea?s=96&d=mm&r=g","url":"https:\/\/secure.gravatar.com\/avatar\/f7567fae13271a640a8f6514d1dfd068eb81f963f6813013a3adb0944674b6ea?s=96&d=mm&r=g","contentUrl":"https:\/\/secure.gravatar.com\/avatar\/f7567fae13271a640a8f6514d1dfd068eb81f963f6813013a3adb0944674b6ea?s=96&d=mm&r=g","caption":"Jeanett Kleinert"}}]}},"_links":{"self":[{"href":"https:\/\/los-family.de\/fachleute\/wp-json\/wp\/v2\/posts\/2714","targetHints":{"allow":["GET"]}}],"collection":[{"href":"https:\/\/los-family.de\/fachleute\/wp-json\/wp\/v2\/posts"}],"about":[{"href":"https:\/\/los-family.de\/fachleute\/wp-json\/wp\/v2\/types\/post"}],"author":[{"embeddable":true,"href":"https:\/\/los-family.de\/fachleute\/wp-json\/wp\/v2\/users\/2"}],"replies":[{"embeddable":true,"href":"https:\/\/los-family.de\/fachleute\/wp-json\/wp\/v2\/comments?post=2714"}],"version-history":[{"count":2,"href":"https:\/\/los-family.de\/fachleute\/wp-json\/wp\/v2\/posts\/2714\/revisions"}],"predecessor-version":[{"id":2829,"href":"https:\/\/los-family.de\/fachleute\/wp-json\/wp\/v2\/posts\/2714\/revisions\/2829"}],"wp:featuredmedia":[{"embeddable":true,"href":"https:\/\/los-family.de\/fachleute\/wp-json\/wp\/v2\/media\/2717"}],"wp:attachment":[{"href":"https:\/\/los-family.de\/fachleute\/wp-json\/wp\/v2\/media?parent=2714"}],"wp:term":[{"taxonomy":"category","embeddable":true,"href":"https:\/\/los-family.de\/fachleute\/wp-json\/wp\/v2\/categories?post=2714"},{"taxonomy":"post_tag","embeddable":true,"href":"https:\/\/los-family.de\/fachleute\/wp-json\/wp\/v2\/tags?post=2714"}],"curies":[{"name":"wp","href":"https:\/\/api.w.org\/{rel}","templated":true}]}}