{"id":1888,"date":"2020-03-25T13:34:54","date_gmt":"2020-03-25T12:34:54","guid":{"rendered":"https:\/\/los-family.de\/fachleute\/?p=1888"},"modified":"2020-07-28T11:59:28","modified_gmt":"2020-07-28T09:59:28","slug":"save-the-date-2-fachtag-kinder-psychisch-kranker-eltern-am-12-11-2020","status":"publish","type":"post","link":"https:\/\/los-family.de\/fachleute\/2020\/03\/25\/save-the-date-2-fachtag-kinder-psychisch-kranker-eltern-am-12-11-2020\/","title":{"rendered":"TERMINVERSCHIEBUNG!!!- 2. Fachtag &#8222;Kinder psychisch kranker Eltern&#8220; am 12.11.2020"},"content":{"rendered":"<p>Nicht jede psychische Erkrankung eines Elternteiles f\u00fchrt automatisch zu einer eingeschr\u00e4nkten elterlichen Erziehungskompetenz und nicht alle Familien mit einem psychisch erkrankten Elternteil ben\u00f6tigen Unterst\u00fctzungsma\u00dfnahmen &#8211; denn viele Familien finden geeignete Wege, um mit den Belastungen umzugehen und vermeiden somit negative Folgen f\u00fcr ihre Kinder.<\/p>\n<p>Dennoch wurde in einem 1. Fachtag zum Thema im Jahr 2018 von den Akteuren festgestellt, dass die Unterst\u00fctzungsm\u00f6glichkeiten und -ma\u00dfnahmen im Landkreis Oder-Spree\u00a0 nicht allen bekannt sind UND bestehende Ma\u00dfnahmen und Angebote zu wenig vernetzt sind.<\/p>\n<p>In einem 2. Fachtag wollen wir zum Einen die Vernetzung der Angebote und Ma\u00dfnahmen bef\u00f6rdern und uns zum Anderen durch einen Input von Frau Katja Beeck (NOW! Potsdam) folgendem Thema n\u00e4hern:<\/p>\n<p><strong>&#8222;Wege aus der Sprachlosigkeit&#8220; &#8211; st\u00e4rkende Gespr\u00e4che mit Kindern im Kontext einer psychischen Erkrankung ihrer Eltern f\u00fchren<\/strong><\/p>\n<p>Im Anschluss sind Workshops geplant, in denen die Akteure sich zu unterschiedlichen Themen austauschen k\u00f6nnen, zB. Austausch zu der Idee &#8222;Patenschaftsangebote&#8220;, &#8222;FASD&#8220; &#8222;Auswirkungen auf die Bindungsentwicklung&#8220; oder &#8222;Medikamente in der Schwangerschaft&#8220;. Die genauere Ausgestaltung des Programms erfolgt noch ggf. mit weiteren Themen.<\/p>\n<p>Bitte merken Sie sich hierf\u00fcr den <strong>12.11.2020 von 14.00 Uhr bis 17.30 Uhr<\/strong> im Immanuel-Klinikum R\u00fcdersdorf vor.<\/p>\n<p>Wir hoffen nat\u00fcrlich, dass dieser Termin im November angesichts des Corona-Virus &#8211; Geschehens umsetzbar ist. Falls nicht, erfahren Sie es rechtzeitig hier!<\/p>\n<p><span style=\"color: #ff0000;\"><strong>DER TERMIN WIRD INS JAHR 2021 VERSCHOBEN!<\/strong><\/span><\/p>\n","protected":false},"excerpt":{"rendered":"<p>Nicht jede psychische Erkrankung eines Elternteiles f\u00fchrt automatisch zu einer eingeschr\u00e4nkten elterlichen Erziehungskompetenz und nicht alle Familien mit einem psychisch erkrankten Elternteil ben\u00f6tigen Unterst\u00fctzungsma\u00dfnahmen &#8211; denn viele Familien finden geeignete Wege, um mit den Belastungen umzugehen und vermeiden somit negative Folgen f\u00fcr ihre Kinder. Dennoch wurde in einem 1. Fachtag zum Thema im Jahr 2018&hellip; <a class=\"continue\" href=\"https:\/\/los-family.de\/fachleute\/2020\/03\/25\/save-the-date-2-fachtag-kinder-psychisch-kranker-eltern-am-12-11-2020\/\">Continue Reading<span> TERMINVERSCHIEBUNG!!!- 2. Fachtag &#8222;Kinder psychisch kranker Eltern&#8220; am 12.11.2020<\/span><\/a><\/p>\n","protected":false},"author":2,"featured_media":1667,"comment_status":"open","ping_status":"open","sticky":false,"template":"","format":"standard","meta":{"footnotes":""},"categories":[44],"tags":[],"class_list":["post-1888","post","type-post","status-publish","format-standard","has-post-thumbnail","hentry","category-fachtage"],"yoast_head":"<!-- This site is optimized with the Yoast SEO plugin v27.5 - https:\/\/yoast.com\/product\/yoast-seo-wordpress\/ -->\n<title>TERMINVERSCHIEBUNG!!!- 2. Fachtag &quot;Kinder psychisch kranker Eltern&quot; am 12.11.2020 &#8226; LOS-Family FACHLEUTE<\/title>\n<meta name=\"robots\" content=\"index, follow, max-snippet:-1, max-image-preview:large, max-video-preview:-1\" \/>\n<link rel=\"canonical\" href=\"https:\/\/los-family.de\/fachleute\/2020\/03\/25\/save-the-date-2-fachtag-kinder-psychisch-kranker-eltern-am-12-11-2020\/\" \/>\n<meta property=\"og:locale\" content=\"de_DE\" \/>\n<meta property=\"og:type\" content=\"article\" \/>\n<meta property=\"og:title\" content=\"TERMINVERSCHIEBUNG!!!- 2. Fachtag &quot;Kinder psychisch kranker Eltern&quot; am 12.11.2020 &#8226; LOS-Family FACHLEUTE\" \/>\n<meta property=\"og:description\" content=\"Nicht jede psychische Erkrankung eines Elternteiles f\u00fchrt automatisch zu einer eingeschr\u00e4nkten elterlichen Erziehungskompetenz und nicht alle Familien mit einem psychisch erkrankten Elternteil ben\u00f6tigen Unterst\u00fctzungsma\u00dfnahmen &#8211; denn viele Familien finden geeignete Wege, um mit den Belastungen umzugehen und vermeiden somit negative Folgen f\u00fcr ihre Kinder. Dennoch wurde in einem 1. Fachtag zum Thema im Jahr 2018&hellip; Continue Reading TERMINVERSCHIEBUNG!!!- 2. Fachtag &#8222;Kinder psychisch kranker Eltern&#8220; am 12.11.2020\" \/>\n<meta property=\"og:url\" content=\"https:\/\/los-family.de\/fachleute\/2020\/03\/25\/save-the-date-2-fachtag-kinder-psychisch-kranker-eltern-am-12-11-2020\/\" \/>\n<meta property=\"og:site_name\" content=\"LOS-Family FACHLEUTE\" \/>\n<meta property=\"article:published_time\" content=\"2020-03-25T12:34:54+00:00\" \/>\n<meta property=\"article:modified_time\" content=\"2020-07-28T09:59:28+00:00\" \/>\n<meta property=\"og:image\" content=\"https:\/\/los-family.de\/fachleute\/wp-content\/uploads\/2018\/10\/B\u00fccherliste-e1540219605114.jpg\" \/>\n\t<meta property=\"og:image:width\" content=\"3456\" \/>\n\t<meta property=\"og:image:height\" content=\"4608\" \/>\n\t<meta property=\"og:image:type\" content=\"image\/jpeg\" \/>\n<meta name=\"author\" content=\"Jeanett Kleinert\" \/>\n<meta name=\"twitter:card\" content=\"summary_large_image\" \/>\n<meta name=\"twitter:label1\" content=\"Verfasst von\" \/>\n\t<meta name=\"twitter:data1\" content=\"Jeanett Kleinert\" \/>\n\t<meta name=\"twitter:label2\" content=\"Gesch\u00e4tzte Lesezeit\" \/>\n\t<meta name=\"twitter:data2\" content=\"1\u00a0Minute\" \/>\n<script type=\"application\/ld+json\" class=\"yoast-schema-graph\">{\"@context\":\"https:\\\/\\\/schema.org\",\"@graph\":[{\"@type\":\"Article\",\"@id\":\"https:\\\/\\\/los-family.de\\\/fachleute\\\/2020\\\/03\\\/25\\\/save-the-date-2-fachtag-kinder-psychisch-kranker-eltern-am-12-11-2020\\\/#article\",\"isPartOf\":{\"@id\":\"https:\\\/\\\/los-family.de\\\/fachleute\\\/2020\\\/03\\\/25\\\/save-the-date-2-fachtag-kinder-psychisch-kranker-eltern-am-12-11-2020\\\/\"},\"author\":{\"name\":\"Jeanett Kleinert\",\"@id\":\"https:\\\/\\\/los-family.de\\\/fachleute\\\/#\\\/schema\\\/person\\\/0255b3cfe6c238de92ef325d568514b1\"},\"headline\":\"TERMINVERSCHIEBUNG!!!- 2. Fachtag &#8222;Kinder psychisch kranker Eltern&#8220; am 12.11.2020\",\"datePublished\":\"2020-03-25T12:34:54+00:00\",\"dateModified\":\"2020-07-28T09:59:28+00:00\",\"mainEntityOfPage\":{\"@id\":\"https:\\\/\\\/los-family.de\\\/fachleute\\\/2020\\\/03\\\/25\\\/save-the-date-2-fachtag-kinder-psychisch-kranker-eltern-am-12-11-2020\\\/\"},\"wordCount\":237,\"commentCount\":0,\"image\":{\"@id\":\"https:\\\/\\\/los-family.de\\\/fachleute\\\/2020\\\/03\\\/25\\\/save-the-date-2-fachtag-kinder-psychisch-kranker-eltern-am-12-11-2020\\\/#primaryimage\"},\"thumbnailUrl\":\"https:\\\/\\\/los-family.de\\\/fachleute\\\/wp-content\\\/uploads\\\/2018\\\/10\\\/B\u00fccherliste-e1540219605114.jpg\",\"articleSection\":[\"Fachtage\"],\"inLanguage\":\"de\",\"potentialAction\":[{\"@type\":\"CommentAction\",\"name\":\"Comment\",\"target\":[\"https:\\\/\\\/los-family.de\\\/fachleute\\\/2020\\\/03\\\/25\\\/save-the-date-2-fachtag-kinder-psychisch-kranker-eltern-am-12-11-2020\\\/#respond\"]}]},{\"@type\":\"WebPage\",\"@id\":\"https:\\\/\\\/los-family.de\\\/fachleute\\\/2020\\\/03\\\/25\\\/save-the-date-2-fachtag-kinder-psychisch-kranker-eltern-am-12-11-2020\\\/\",\"url\":\"https:\\\/\\\/los-family.de\\\/fachleute\\\/2020\\\/03\\\/25\\\/save-the-date-2-fachtag-kinder-psychisch-kranker-eltern-am-12-11-2020\\\/\",\"name\":\"TERMINVERSCHIEBUNG!!!- 2. Fachtag \\\"Kinder psychisch kranker Eltern\\\" am 12.11.2020 &#8226; LOS-Family FACHLEUTE\",\"isPartOf\":{\"@id\":\"https:\\\/\\\/los-family.de\\\/fachleute\\\/#website\"},\"primaryImageOfPage\":{\"@id\":\"https:\\\/\\\/los-family.de\\\/fachleute\\\/2020\\\/03\\\/25\\\/save-the-date-2-fachtag-kinder-psychisch-kranker-eltern-am-12-11-2020\\\/#primaryimage\"},\"image\":{\"@id\":\"https:\\\/\\\/los-family.de\\\/fachleute\\\/2020\\\/03\\\/25\\\/save-the-date-2-fachtag-kinder-psychisch-kranker-eltern-am-12-11-2020\\\/#primaryimage\"},\"thumbnailUrl\":\"https:\\\/\\\/los-family.de\\\/fachleute\\\/wp-content\\\/uploads\\\/2018\\\/10\\\/B\u00fccherliste-e1540219605114.jpg\",\"datePublished\":\"2020-03-25T12:34:54+00:00\",\"dateModified\":\"2020-07-28T09:59:28+00:00\",\"author\":{\"@id\":\"https:\\\/\\\/los-family.de\\\/fachleute\\\/#\\\/schema\\\/person\\\/0255b3cfe6c238de92ef325d568514b1\"},\"breadcrumb\":{\"@id\":\"https:\\\/\\\/los-family.de\\\/fachleute\\\/2020\\\/03\\\/25\\\/save-the-date-2-fachtag-kinder-psychisch-kranker-eltern-am-12-11-2020\\\/#breadcrumb\"},\"inLanguage\":\"de\",\"potentialAction\":[{\"@type\":\"ReadAction\",\"target\":[\"https:\\\/\\\/los-family.de\\\/fachleute\\\/2020\\\/03\\\/25\\\/save-the-date-2-fachtag-kinder-psychisch-kranker-eltern-am-12-11-2020\\\/\"]}]},{\"@type\":\"ImageObject\",\"inLanguage\":\"de\",\"@id\":\"https:\\\/\\\/los-family.de\\\/fachleute\\\/2020\\\/03\\\/25\\\/save-the-date-2-fachtag-kinder-psychisch-kranker-eltern-am-12-11-2020\\\/#primaryimage\",\"url\":\"https:\\\/\\\/los-family.de\\\/fachleute\\\/wp-content\\\/uploads\\\/2018\\\/10\\\/B\u00fccherliste-e1540219605114.jpg\",\"contentUrl\":\"https:\\\/\\\/los-family.de\\\/fachleute\\\/wp-content\\\/uploads\\\/2018\\\/10\\\/B\u00fccherliste-e1540219605114.jpg\",\"width\":3456,\"height\":4608},{\"@type\":\"BreadcrumbList\",\"@id\":\"https:\\\/\\\/los-family.de\\\/fachleute\\\/2020\\\/03\\\/25\\\/save-the-date-2-fachtag-kinder-psychisch-kranker-eltern-am-12-11-2020\\\/#breadcrumb\",\"itemListElement\":[{\"@type\":\"ListItem\",\"position\":1,\"name\":\"Startseite\",\"item\":\"https:\\\/\\\/los-family.de\\\/fachleute\\\/\"},{\"@type\":\"ListItem\",\"position\":2,\"name\":\"TERMINVERSCHIEBUNG!!!- 2. Fachtag &#8222;Kinder psychisch kranker Eltern&#8220; am 12.11.2020\"}]},{\"@type\":\"WebSite\",\"@id\":\"https:\\\/\\\/los-family.de\\\/fachleute\\\/#website\",\"url\":\"https:\\\/\\\/los-family.de\\\/fachleute\\\/\",\"name\":\"LOS-Family FACHLEUTE\",\"description\":\"Das Netzwerk f\u00fcr &quot;Fr\u00fche Hilfen&quot; im LOS\",\"potentialAction\":[{\"@type\":\"SearchAction\",\"target\":{\"@type\":\"EntryPoint\",\"urlTemplate\":\"https:\\\/\\\/los-family.de\\\/fachleute\\\/?s={search_term_string}\"},\"query-input\":{\"@type\":\"PropertyValueSpecification\",\"valueRequired\":true,\"valueName\":\"search_term_string\"}}],\"inLanguage\":\"de\"},{\"@type\":\"Person\",\"@id\":\"https:\\\/\\\/los-family.de\\\/fachleute\\\/#\\\/schema\\\/person\\\/0255b3cfe6c238de92ef325d568514b1\",\"name\":\"Jeanett Kleinert\",\"image\":{\"@type\":\"ImageObject\",\"inLanguage\":\"de\",\"@id\":\"https:\\\/\\\/secure.gravatar.com\\\/avatar\\\/f7567fae13271a640a8f6514d1dfd068eb81f963f6813013a3adb0944674b6ea?s=96&d=mm&r=g\",\"url\":\"https:\\\/\\\/secure.gravatar.com\\\/avatar\\\/f7567fae13271a640a8f6514d1dfd068eb81f963f6813013a3adb0944674b6ea?s=96&d=mm&r=g\",\"contentUrl\":\"https:\\\/\\\/secure.gravatar.com\\\/avatar\\\/f7567fae13271a640a8f6514d1dfd068eb81f963f6813013a3adb0944674b6ea?s=96&d=mm&r=g\",\"caption\":\"Jeanett Kleinert\"}}]}<\/script>\n<!-- \/ Yoast SEO plugin. -->","yoast_head_json":{"title":"TERMINVERSCHIEBUNG!!!- 2. Fachtag \"Kinder psychisch kranker Eltern\" am 12.11.2020 &#8226; LOS-Family FACHLEUTE","robots":{"index":"index","follow":"follow","max-snippet":"max-snippet:-1","max-image-preview":"max-image-preview:large","max-video-preview":"max-video-preview:-1"},"canonical":"https:\/\/los-family.de\/fachleute\/2020\/03\/25\/save-the-date-2-fachtag-kinder-psychisch-kranker-eltern-am-12-11-2020\/","og_locale":"de_DE","og_type":"article","og_title":"TERMINVERSCHIEBUNG!!!- 2. Fachtag \"Kinder psychisch kranker Eltern\" am 12.11.2020 &#8226; LOS-Family FACHLEUTE","og_description":"Nicht jede psychische Erkrankung eines Elternteiles f\u00fchrt automatisch zu einer eingeschr\u00e4nkten elterlichen Erziehungskompetenz und nicht alle Familien mit einem psychisch erkrankten Elternteil ben\u00f6tigen Unterst\u00fctzungsma\u00dfnahmen &#8211; denn viele Familien finden geeignete Wege, um mit den Belastungen umzugehen und vermeiden somit negative Folgen f\u00fcr ihre Kinder. Dennoch wurde in einem 1. Fachtag zum Thema im Jahr 2018&hellip; Continue Reading TERMINVERSCHIEBUNG!!!- 2. Fachtag &#8222;Kinder psychisch kranker Eltern&#8220; am 12.11.2020","og_url":"https:\/\/los-family.de\/fachleute\/2020\/03\/25\/save-the-date-2-fachtag-kinder-psychisch-kranker-eltern-am-12-11-2020\/","og_site_name":"LOS-Family FACHLEUTE","article_published_time":"2020-03-25T12:34:54+00:00","article_modified_time":"2020-07-28T09:59:28+00:00","og_image":[{"width":3456,"height":4608,"url":"https:\/\/los-family.de\/fachleute\/wp-content\/uploads\/2018\/10\/B\u00fccherliste-e1540219605114.jpg","type":"image\/jpeg"}],"author":"Jeanett Kleinert","twitter_card":"summary_large_image","twitter_misc":{"Verfasst von":"Jeanett Kleinert","Gesch\u00e4tzte Lesezeit":"1\u00a0Minute"},"schema":{"@context":"https:\/\/schema.org","@graph":[{"@type":"Article","@id":"https:\/\/los-family.de\/fachleute\/2020\/03\/25\/save-the-date-2-fachtag-kinder-psychisch-kranker-eltern-am-12-11-2020\/#article","isPartOf":{"@id":"https:\/\/los-family.de\/fachleute\/2020\/03\/25\/save-the-date-2-fachtag-kinder-psychisch-kranker-eltern-am-12-11-2020\/"},"author":{"name":"Jeanett Kleinert","@id":"https:\/\/los-family.de\/fachleute\/#\/schema\/person\/0255b3cfe6c238de92ef325d568514b1"},"headline":"TERMINVERSCHIEBUNG!!!- 2. Fachtag &#8222;Kinder psychisch kranker Eltern&#8220; am 12.11.2020","datePublished":"2020-03-25T12:34:54+00:00","dateModified":"2020-07-28T09:59:28+00:00","mainEntityOfPage":{"@id":"https:\/\/los-family.de\/fachleute\/2020\/03\/25\/save-the-date-2-fachtag-kinder-psychisch-kranker-eltern-am-12-11-2020\/"},"wordCount":237,"commentCount":0,"image":{"@id":"https:\/\/los-family.de\/fachleute\/2020\/03\/25\/save-the-date-2-fachtag-kinder-psychisch-kranker-eltern-am-12-11-2020\/#primaryimage"},"thumbnailUrl":"https:\/\/los-family.de\/fachleute\/wp-content\/uploads\/2018\/10\/B\u00fccherliste-e1540219605114.jpg","articleSection":["Fachtage"],"inLanguage":"de","potentialAction":[{"@type":"CommentAction","name":"Comment","target":["https:\/\/los-family.de\/fachleute\/2020\/03\/25\/save-the-date-2-fachtag-kinder-psychisch-kranker-eltern-am-12-11-2020\/#respond"]}]},{"@type":"WebPage","@id":"https:\/\/los-family.de\/fachleute\/2020\/03\/25\/save-the-date-2-fachtag-kinder-psychisch-kranker-eltern-am-12-11-2020\/","url":"https:\/\/los-family.de\/fachleute\/2020\/03\/25\/save-the-date-2-fachtag-kinder-psychisch-kranker-eltern-am-12-11-2020\/","name":"TERMINVERSCHIEBUNG!!!- 2. Fachtag \"Kinder psychisch kranker Eltern\" am 12.11.2020 &#8226; LOS-Family FACHLEUTE","isPartOf":{"@id":"https:\/\/los-family.de\/fachleute\/#website"},"primaryImageOfPage":{"@id":"https:\/\/los-family.de\/fachleute\/2020\/03\/25\/save-the-date-2-fachtag-kinder-psychisch-kranker-eltern-am-12-11-2020\/#primaryimage"},"image":{"@id":"https:\/\/los-family.de\/fachleute\/2020\/03\/25\/save-the-date-2-fachtag-kinder-psychisch-kranker-eltern-am-12-11-2020\/#primaryimage"},"thumbnailUrl":"https:\/\/los-family.de\/fachleute\/wp-content\/uploads\/2018\/10\/B\u00fccherliste-e1540219605114.jpg","datePublished":"2020-03-25T12:34:54+00:00","dateModified":"2020-07-28T09:59:28+00:00","author":{"@id":"https:\/\/los-family.de\/fachleute\/#\/schema\/person\/0255b3cfe6c238de92ef325d568514b1"},"breadcrumb":{"@id":"https:\/\/los-family.de\/fachleute\/2020\/03\/25\/save-the-date-2-fachtag-kinder-psychisch-kranker-eltern-am-12-11-2020\/#breadcrumb"},"inLanguage":"de","potentialAction":[{"@type":"ReadAction","target":["https:\/\/los-family.de\/fachleute\/2020\/03\/25\/save-the-date-2-fachtag-kinder-psychisch-kranker-eltern-am-12-11-2020\/"]}]},{"@type":"ImageObject","inLanguage":"de","@id":"https:\/\/los-family.de\/fachleute\/2020\/03\/25\/save-the-date-2-fachtag-kinder-psychisch-kranker-eltern-am-12-11-2020\/#primaryimage","url":"https:\/\/los-family.de\/fachleute\/wp-content\/uploads\/2018\/10\/B\u00fccherliste-e1540219605114.jpg","contentUrl":"https:\/\/los-family.de\/fachleute\/wp-content\/uploads\/2018\/10\/B\u00fccherliste-e1540219605114.jpg","width":3456,"height":4608},{"@type":"BreadcrumbList","@id":"https:\/\/los-family.de\/fachleute\/2020\/03\/25\/save-the-date-2-fachtag-kinder-psychisch-kranker-eltern-am-12-11-2020\/#breadcrumb","itemListElement":[{"@type":"ListItem","position":1,"name":"Startseite","item":"https:\/\/los-family.de\/fachleute\/"},{"@type":"ListItem","position":2,"name":"TERMINVERSCHIEBUNG!!!- 2. Fachtag &#8222;Kinder psychisch kranker Eltern&#8220; am 12.11.2020"}]},{"@type":"WebSite","@id":"https:\/\/los-family.de\/fachleute\/#website","url":"https:\/\/los-family.de\/fachleute\/","name":"LOS-Family FACHLEUTE","description":"Das Netzwerk f\u00fcr &quot;Fr\u00fche Hilfen&quot; im LOS","potentialAction":[{"@type":"SearchAction","target":{"@type":"EntryPoint","urlTemplate":"https:\/\/los-family.de\/fachleute\/?s={search_term_string}"},"query-input":{"@type":"PropertyValueSpecification","valueRequired":true,"valueName":"search_term_string"}}],"inLanguage":"de"},{"@type":"Person","@id":"https:\/\/los-family.de\/fachleute\/#\/schema\/person\/0255b3cfe6c238de92ef325d568514b1","name":"Jeanett Kleinert","image":{"@type":"ImageObject","inLanguage":"de","@id":"https:\/\/secure.gravatar.com\/avatar\/f7567fae13271a640a8f6514d1dfd068eb81f963f6813013a3adb0944674b6ea?s=96&d=mm&r=g","url":"https:\/\/secure.gravatar.com\/avatar\/f7567fae13271a640a8f6514d1dfd068eb81f963f6813013a3adb0944674b6ea?s=96&d=mm&r=g","contentUrl":"https:\/\/secure.gravatar.com\/avatar\/f7567fae13271a640a8f6514d1dfd068eb81f963f6813013a3adb0944674b6ea?s=96&d=mm&r=g","caption":"Jeanett Kleinert"}}]}},"_links":{"self":[{"href":"https:\/\/los-family.de\/fachleute\/wp-json\/wp\/v2\/posts\/1888","targetHints":{"allow":["GET"]}}],"collection":[{"href":"https:\/\/los-family.de\/fachleute\/wp-json\/wp\/v2\/posts"}],"about":[{"href":"https:\/\/los-family.de\/fachleute\/wp-json\/wp\/v2\/types\/post"}],"author":[{"embeddable":true,"href":"https:\/\/los-family.de\/fachleute\/wp-json\/wp\/v2\/users\/2"}],"replies":[{"embeddable":true,"href":"https:\/\/los-family.de\/fachleute\/wp-json\/wp\/v2\/comments?post=1888"}],"version-history":[{"count":4,"href":"https:\/\/los-family.de\/fachleute\/wp-json\/wp\/v2\/posts\/1888\/revisions"}],"predecessor-version":[{"id":1917,"href":"https:\/\/los-family.de\/fachleute\/wp-json\/wp\/v2\/posts\/1888\/revisions\/1917"}],"wp:featuredmedia":[{"embeddable":true,"href":"https:\/\/los-family.de\/fachleute\/wp-json\/wp\/v2\/media\/1667"}],"wp:attachment":[{"href":"https:\/\/los-family.de\/fachleute\/wp-json\/wp\/v2\/media?parent=1888"}],"wp:term":[{"taxonomy":"category","embeddable":true,"href":"https:\/\/los-family.de\/fachleute\/wp-json\/wp\/v2\/categories?post=1888"},{"taxonomy":"post_tag","embeddable":true,"href":"https:\/\/los-family.de\/fachleute\/wp-json\/wp\/v2\/tags?post=1888"}],"curies":[{"name":"wp","href":"https:\/\/api.w.org\/{rel}","templated":true}]}}