{"id":1662,"date":"2018-11-06T13:09:05","date_gmt":"2018-11-06T12:09:05","guid":{"rendered":"https:\/\/los-family.de\/fachleute\/?p=1662"},"modified":"2018-11-06T13:09:05","modified_gmt":"2018-11-06T12:09:05","slug":"fachtag-kinder-psychisch-kranker-eltern-am-12-09-2018-in-eisenhuettenstadt","status":"publish","type":"post","link":"https:\/\/los-family.de\/fachleute\/2018\/11\/06\/fachtag-kinder-psychisch-kranker-eltern-am-12-09-2018-in-eisenhuettenstadt\/","title":{"rendered":"Fachtag: Kinder psychisch kranker Eltern am 12.09.2018 in Eisenh\u00fcttenstadt"},"content":{"rendered":"<p>Am 12.9.2018 lud das Netzwerk Fr\u00fche Hilfen und Gesunde Kinder gemeinsam mit der Immanuel Klinik R\u00fcdersdorf in die\u00a0st\u00e4dt. Krankenhaus Eisenh\u00fcttenstadt GmbH zu einem Fachtag ein, in dem es sich um Kinder psychisch kranker Eltern drehte.<\/p>\n<p>Hier finden Sie die <a href=\"https:\/\/los-family.de\/fachleute\/wp-content\/uploads\/2018\/05\/Einladung_Fachtag-12.09.2018_VII.pdf\">Einladung.<\/a><\/p>\n<p>\u201eMehr als 3 Mio Kinder in Deutschland haben psychisch erkrankte Eltern, davon sind etwa 500.000 bis 600.000 S\u00e4uglinge und Kleinkinder unter drei Jahren.<\/p>\n<p>Psychische Erkrankungen k\u00f6nnen das elterliche Verhalten u.a. in der Babyzeit und im Kleinkindalter beeintr\u00e4chtigen und dies kann folgenschwere Auswirkungen auf die gesunde und psychisch stabile Entwicklung der Kinder haben. Kinder psychisch kranker Eltern haben ein bis zu 10-fach erh\u00f6htes Risiko, selbst eine psychische Erkrankung oder psychische Auff\u00e4lligkeit auszubilden.&#8220;<\/p>\n<p>Der erste Vortrag von Frau B\u00e4rbel Derksen (Kompetenzzentrum Fr\u00fche Hilfen\u00a0Potsdam) holte die ca. 85 Teilnehmer ins Thema und beschrieb sehr anschaulich und praxisnah,\u00a0welche Auswirkungen\u00a0psych. Erkrankungen\u00a0der Eltern\u00a0insbesondere auf die Bindungsgestaltung haben kann.<\/p>\n<p>&nbsp;<\/p>\n<p><a href=\"https:\/\/los-family.de\/fachleute\/wp-content\/uploads\/2018\/10\/IMG_1355.jpg\"><img loading=\"lazy\" decoding=\"async\" class=\"alignnone size-full wp-image-1665\" src=\"https:\/\/los-family.de\/fachleute\/wp-content\/uploads\/2018\/10\/IMG_1355.jpg\" alt=\"\" width=\"1920\" height=\"1080\" srcset=\"https:\/\/los-family.de\/fachleute\/wp-content\/uploads\/2018\/10\/IMG_1355.jpg 1920w, https:\/\/los-family.de\/fachleute\/wp-content\/uploads\/2018\/10\/IMG_1355-300x169.jpg 300w, https:\/\/los-family.de\/fachleute\/wp-content\/uploads\/2018\/10\/IMG_1355-768x432.jpg 768w, https:\/\/los-family.de\/fachleute\/wp-content\/uploads\/2018\/10\/IMG_1355-1024x576.jpg 1024w, https:\/\/los-family.de\/fachleute\/wp-content\/uploads\/2018\/10\/IMG_1355-747x420.jpg 747w, https:\/\/los-family.de\/fachleute\/wp-content\/uploads\/2018\/10\/IMG_1355-640x360.jpg 640w, https:\/\/los-family.de\/fachleute\/wp-content\/uploads\/2018\/10\/IMG_1355-681x383.jpg 681w\" sizes=\"auto, (max-width: 1920px) 100vw, 1920px\" \/><\/a><\/p>\n<p>Die Zusammenfassung des Vortrages finden Sie <a href=\"https:\/\/los-family.de\/fachleute\/wp-content\/uploads\/2018\/10\/2018_09_12-Handout-LOS-Psych-Erkrankungen.pdf\">hier<\/a>.<\/p>\n<p>Die Immanuel-Klinik R\u00fcdersdorf \/ Tagesklinik am Standort F\u00fcrstenwalde initiierte gemeinsam mit dem Jugendamt\/Fr\u00fche Hilfen in Kooperation mit der heilp\u00e4dagogischen gGmbH Lebenshilfe Oder-Spree e.V. ein Projekt, das diese Familien unterst\u00fctzt. Frau Dipl.-Med. Cornelia van Stigt\u00a0stellte das Projekt als einen L\u00f6sungsvorschlag vor.\u00a0 Erfahrungsberichte von betroffenen Eltern wurden in einem Video aufgezeichnet und den Teilnehmern pr\u00e4sentiert. Das gab nochmal einen tiefen Einblick in die hochsensible Problematik und stellte anschaulich den Erfolg des Projektes dar.<\/p>\n<p><a href=\"https:\/\/los-family.de\/fachleute\/wp-content\/uploads\/2018\/10\/IMG_1362.jpg\"><img loading=\"lazy\" decoding=\"async\" src=\"https:\/\/los-family.de\/fachleute\/wp-content\/uploads\/2018\/10\/IMG_1362.jpg\" alt=\"\" width=\"1920\" height=\"1080\" \/><\/a>Inhalt des Projektes ist\u00a0neben der mediz. \u2013psychiatrischen Versorgung der Eltern, dass diese gut in ihrer Elternrolle begleitet und mit anderen Eltern und Professionellen vernetzt werden, um den Kindern ein gesundes Aufwachsen zu erm\u00f6glichen und das Risiko einer sp\u00e4teren eigenen Erkrankung zu mindern. Eltern berichteten stolz von ihren Erfolgen und wie froh sie sind, in ihrer Rolle als Eltern wahrgenommen und gest\u00e4rkt worden zu sein.<\/p>\n<p>Literaturhinweise f\u00fcr die Arbeit mit den betroffenen Kindern finden Sie hier:<a href=\"https:\/\/los-family.de\/fachleute\/wp-content\/uploads\/2018\/10\/B\u00fccherliste-e1540219605114.jpg\"><img loading=\"lazy\" decoding=\"async\" class=\"size-full wp-image-1667 aligncenter\" src=\"https:\/\/los-family.de\/fachleute\/wp-content\/uploads\/2018\/10\/B\u00fccherliste-e1540219605114.jpg\" alt=\"\" width=\"3456\" height=\"4608\" srcset=\"https:\/\/los-family.de\/fachleute\/wp-content\/uploads\/2018\/10\/B\u00fccherliste-e1540219605114.jpg 3456w, https:\/\/los-family.de\/fachleute\/wp-content\/uploads\/2018\/10\/B\u00fccherliste-e1540219605114-225x300.jpg 225w, https:\/\/los-family.de\/fachleute\/wp-content\/uploads\/2018\/10\/B\u00fccherliste-e1540219605114-768x1024.jpg 768w, https:\/\/los-family.de\/fachleute\/wp-content\/uploads\/2018\/10\/B\u00fccherliste-e1540219605114-315x420.jpg 315w, https:\/\/los-family.de\/fachleute\/wp-content\/uploads\/2018\/10\/B\u00fccherliste-e1540219605114-640x853.jpg 640w, https:\/\/los-family.de\/fachleute\/wp-content\/uploads\/2018\/10\/B\u00fccherliste-e1540219605114-681x908.jpg 681w\" sizes=\"auto, (max-width: 3456px) 100vw, 3456px\" \/><\/a>Zielstellung des Fachtages sollte es daher sein, Akteure und Entscheider aus verschiedenen Einrichtungen des Gesundheitswesens und der Jugendhilfe zusammenzubringen und an gemeinsamen L\u00f6sungen f\u00fcr den Landkreis Oder-Spree zu arbeiten.<\/p>\n<p>In\u00a0Ideenschmieden wurden zu folgenden Fragestellungen diskutiert und Erfahrungen ausgetauscht, aber auch &#8222;Baustellen&#8220; aufgemacht, die uns in der n\u00e4chsten Zeit besch\u00e4ftigen werden:<\/p>\n<ul>\n<li><span style=\"color: #000000;\">Welche Angebote f\u00fcr psychisch kranke Eltern kennen Sie schon\u00a0\u00a0\u00a0\u00a0\u00a0\u00a0\u00a0 (Zusammentragen der Angebote)?<\/span><\/li>\n<li><span style=\"color: #000000;\">Was w\u00fcnschen Sie sich f\u00fcr diese Zielgruppe?<\/span><\/li>\n<li><span style=\"color: #000000;\">Was brauchen Sie, um Familien zu helfen? (Verweisungswissen, Angebote kennen)<\/span><\/li>\n<\/ul>\n<p>Es wurden Schlagworte gesammelt und auf Tischdecken geschrieben.<\/p>\n<p><a href=\"https:\/\/los-family.de\/fachleute\/wp-content\/uploads\/2018\/10\/Nennungen-Ideenschmiede.pdf\">Nennungen Ideenschmiede<\/a><\/p>\n<p>&nbsp;<\/p>\n<p><a href=\"https:\/\/los-family.de\/fachleute\/wp-content\/uploads\/2018\/10\/IMG_1359.jpg\"><img loading=\"lazy\" decoding=\"async\" class=\"alignnone size-full wp-image-1669\" src=\"https:\/\/los-family.de\/fachleute\/wp-content\/uploads\/2018\/10\/IMG_1359.jpg\" alt=\"\" width=\"1920\" height=\"1080\" srcset=\"https:\/\/los-family.de\/fachleute\/wp-content\/uploads\/2018\/10\/IMG_1359.jpg 1920w, https:\/\/los-family.de\/fachleute\/wp-content\/uploads\/2018\/10\/IMG_1359-300x169.jpg 300w, https:\/\/los-family.de\/fachleute\/wp-content\/uploads\/2018\/10\/IMG_1359-768x432.jpg 768w, https:\/\/los-family.de\/fachleute\/wp-content\/uploads\/2018\/10\/IMG_1359-1024x576.jpg 1024w, https:\/\/los-family.de\/fachleute\/wp-content\/uploads\/2018\/10\/IMG_1359-747x420.jpg 747w, https:\/\/los-family.de\/fachleute\/wp-content\/uploads\/2018\/10\/IMG_1359-640x360.jpg 640w, https:\/\/los-family.de\/fachleute\/wp-content\/uploads\/2018\/10\/IMG_1359-681x383.jpg 681w\" sizes=\"auto, (max-width: 1920px) 100vw, 1920px\" \/><\/a><\/p>\n<p>Ausblick: Es wird weitere Treffen mit unterschiedlicher Zielstellung geben, die der Vernetzung dienen werden und den Betroffenen die Zug\u00e4nge zu Unterst\u00fctzungsm\u00f6glichkeiten erleichtern sollen.<\/p>\n","protected":false},"excerpt":{"rendered":"<p>Am 12.9.2018 lud das Netzwerk Fr\u00fche Hilfen und Gesunde Kinder gemeinsam mit der Immanuel Klinik R\u00fcdersdorf in die\u00a0st\u00e4dt. Krankenhaus Eisenh\u00fcttenstadt GmbH zu einem Fachtag ein, in dem es sich um Kinder psychisch kranker Eltern drehte. Hier finden Sie die Einladung. \u201eMehr als 3 Mio Kinder in Deutschland haben psychisch erkrankte Eltern, davon sind etwa 500.000&hellip; <a class=\"continue\" href=\"https:\/\/los-family.de\/fachleute\/2018\/11\/06\/fachtag-kinder-psychisch-kranker-eltern-am-12-09-2018-in-eisenhuettenstadt\/\">Continue Reading<span> Fachtag: Kinder psychisch kranker Eltern am 12.09.2018 in Eisenh\u00fcttenstadt<\/span><\/a><\/p>\n","protected":false},"author":2,"featured_media":1663,"comment_status":"open","ping_status":"open","sticky":false,"template":"","format":"standard","meta":{"footnotes":""},"categories":[44],"tags":[],"class_list":["post-1662","post","type-post","status-publish","format-standard","has-post-thumbnail","hentry","category-fachtage"],"yoast_head":"<!-- This site is optimized with the Yoast SEO plugin v27.5 - https:\/\/yoast.com\/product\/yoast-seo-wordpress\/ -->\n<title>Fachtag: Kinder psychisch kranker Eltern am 12.09.2018 in Eisenh\u00fcttenstadt &#8226; LOS-Family FACHLEUTE<\/title>\n<meta name=\"robots\" content=\"index, follow, max-snippet:-1, max-image-preview:large, max-video-preview:-1\" \/>\n<link rel=\"canonical\" href=\"https:\/\/los-family.de\/fachleute\/2018\/11\/06\/fachtag-kinder-psychisch-kranker-eltern-am-12-09-2018-in-eisenhuettenstadt\/\" \/>\n<meta property=\"og:locale\" content=\"de_DE\" \/>\n<meta property=\"og:type\" content=\"article\" \/>\n<meta property=\"og:title\" content=\"Fachtag: Kinder psychisch kranker Eltern am 12.09.2018 in Eisenh\u00fcttenstadt &#8226; LOS-Family FACHLEUTE\" \/>\n<meta property=\"og:description\" content=\"Am 12.9.2018 lud das Netzwerk Fr\u00fche Hilfen und Gesunde Kinder gemeinsam mit der Immanuel Klinik R\u00fcdersdorf in die\u00a0st\u00e4dt. Krankenhaus Eisenh\u00fcttenstadt GmbH zu einem Fachtag ein, in dem es sich um Kinder psychisch kranker Eltern drehte. Hier finden Sie die Einladung. \u201eMehr als 3 Mio Kinder in Deutschland haben psychisch erkrankte Eltern, davon sind etwa 500.000&hellip; Continue Reading Fachtag: Kinder psychisch kranker Eltern am 12.09.2018 in Eisenh\u00fcttenstadt\" \/>\n<meta property=\"og:url\" content=\"https:\/\/los-family.de\/fachleute\/2018\/11\/06\/fachtag-kinder-psychisch-kranker-eltern-am-12-09-2018-in-eisenhuettenstadt\/\" \/>\n<meta property=\"og:site_name\" content=\"LOS-Family FACHLEUTE\" \/>\n<meta property=\"article:published_time\" content=\"2018-11-06T12:09:05+00:00\" \/>\n<meta property=\"og:image\" content=\"https:\/\/los-family.de\/fachleute\/wp-content\/uploads\/2018\/10\/IMG_1353.jpg\" \/>\n\t<meta property=\"og:image:width\" content=\"1920\" \/>\n\t<meta property=\"og:image:height\" content=\"1080\" \/>\n\t<meta property=\"og:image:type\" content=\"image\/jpeg\" \/>\n<meta name=\"author\" content=\"Jeanett Kleinert\" \/>\n<meta name=\"twitter:card\" content=\"summary_large_image\" \/>\n<meta name=\"twitter:label1\" content=\"Verfasst von\" \/>\n\t<meta name=\"twitter:data1\" content=\"Jeanett Kleinert\" \/>\n\t<meta name=\"twitter:label2\" content=\"Gesch\u00e4tzte Lesezeit\" \/>\n\t<meta name=\"twitter:data2\" content=\"2\u00a0Minuten\" \/>\n<script type=\"application\/ld+json\" class=\"yoast-schema-graph\">{\"@context\":\"https:\\\/\\\/schema.org\",\"@graph\":[{\"@type\":\"Article\",\"@id\":\"https:\\\/\\\/los-family.de\\\/fachleute\\\/2018\\\/11\\\/06\\\/fachtag-kinder-psychisch-kranker-eltern-am-12-09-2018-in-eisenhuettenstadt\\\/#article\",\"isPartOf\":{\"@id\":\"https:\\\/\\\/los-family.de\\\/fachleute\\\/2018\\\/11\\\/06\\\/fachtag-kinder-psychisch-kranker-eltern-am-12-09-2018-in-eisenhuettenstadt\\\/\"},\"author\":{\"name\":\"Jeanett Kleinert\",\"@id\":\"https:\\\/\\\/los-family.de\\\/fachleute\\\/#\\\/schema\\\/person\\\/0255b3cfe6c238de92ef325d568514b1\"},\"headline\":\"Fachtag: Kinder psychisch kranker Eltern am 12.09.2018 in Eisenh\u00fcttenstadt\",\"datePublished\":\"2018-11-06T12:09:05+00:00\",\"mainEntityOfPage\":{\"@id\":\"https:\\\/\\\/los-family.de\\\/fachleute\\\/2018\\\/11\\\/06\\\/fachtag-kinder-psychisch-kranker-eltern-am-12-09-2018-in-eisenhuettenstadt\\\/\"},\"wordCount\":457,\"commentCount\":0,\"image\":{\"@id\":\"https:\\\/\\\/los-family.de\\\/fachleute\\\/2018\\\/11\\\/06\\\/fachtag-kinder-psychisch-kranker-eltern-am-12-09-2018-in-eisenhuettenstadt\\\/#primaryimage\"},\"thumbnailUrl\":\"https:\\\/\\\/los-family.de\\\/fachleute\\\/wp-content\\\/uploads\\\/2018\\\/10\\\/IMG_1353.jpg\",\"articleSection\":[\"Fachtage\"],\"inLanguage\":\"de\",\"potentialAction\":[{\"@type\":\"CommentAction\",\"name\":\"Comment\",\"target\":[\"https:\\\/\\\/los-family.de\\\/fachleute\\\/2018\\\/11\\\/06\\\/fachtag-kinder-psychisch-kranker-eltern-am-12-09-2018-in-eisenhuettenstadt\\\/#respond\"]}]},{\"@type\":\"WebPage\",\"@id\":\"https:\\\/\\\/los-family.de\\\/fachleute\\\/2018\\\/11\\\/06\\\/fachtag-kinder-psychisch-kranker-eltern-am-12-09-2018-in-eisenhuettenstadt\\\/\",\"url\":\"https:\\\/\\\/los-family.de\\\/fachleute\\\/2018\\\/11\\\/06\\\/fachtag-kinder-psychisch-kranker-eltern-am-12-09-2018-in-eisenhuettenstadt\\\/\",\"name\":\"Fachtag: Kinder psychisch kranker Eltern am 12.09.2018 in Eisenh\u00fcttenstadt &#8226; LOS-Family FACHLEUTE\",\"isPartOf\":{\"@id\":\"https:\\\/\\\/los-family.de\\\/fachleute\\\/#website\"},\"primaryImageOfPage\":{\"@id\":\"https:\\\/\\\/los-family.de\\\/fachleute\\\/2018\\\/11\\\/06\\\/fachtag-kinder-psychisch-kranker-eltern-am-12-09-2018-in-eisenhuettenstadt\\\/#primaryimage\"},\"image\":{\"@id\":\"https:\\\/\\\/los-family.de\\\/fachleute\\\/2018\\\/11\\\/06\\\/fachtag-kinder-psychisch-kranker-eltern-am-12-09-2018-in-eisenhuettenstadt\\\/#primaryimage\"},\"thumbnailUrl\":\"https:\\\/\\\/los-family.de\\\/fachleute\\\/wp-content\\\/uploads\\\/2018\\\/10\\\/IMG_1353.jpg\",\"datePublished\":\"2018-11-06T12:09:05+00:00\",\"author\":{\"@id\":\"https:\\\/\\\/los-family.de\\\/fachleute\\\/#\\\/schema\\\/person\\\/0255b3cfe6c238de92ef325d568514b1\"},\"breadcrumb\":{\"@id\":\"https:\\\/\\\/los-family.de\\\/fachleute\\\/2018\\\/11\\\/06\\\/fachtag-kinder-psychisch-kranker-eltern-am-12-09-2018-in-eisenhuettenstadt\\\/#breadcrumb\"},\"inLanguage\":\"de\",\"potentialAction\":[{\"@type\":\"ReadAction\",\"target\":[\"https:\\\/\\\/los-family.de\\\/fachleute\\\/2018\\\/11\\\/06\\\/fachtag-kinder-psychisch-kranker-eltern-am-12-09-2018-in-eisenhuettenstadt\\\/\"]}]},{\"@type\":\"ImageObject\",\"inLanguage\":\"de\",\"@id\":\"https:\\\/\\\/los-family.de\\\/fachleute\\\/2018\\\/11\\\/06\\\/fachtag-kinder-psychisch-kranker-eltern-am-12-09-2018-in-eisenhuettenstadt\\\/#primaryimage\",\"url\":\"https:\\\/\\\/los-family.de\\\/fachleute\\\/wp-content\\\/uploads\\\/2018\\\/10\\\/IMG_1353.jpg\",\"contentUrl\":\"https:\\\/\\\/los-family.de\\\/fachleute\\\/wp-content\\\/uploads\\\/2018\\\/10\\\/IMG_1353.jpg\",\"width\":1920,\"height\":1080},{\"@type\":\"BreadcrumbList\",\"@id\":\"https:\\\/\\\/los-family.de\\\/fachleute\\\/2018\\\/11\\\/06\\\/fachtag-kinder-psychisch-kranker-eltern-am-12-09-2018-in-eisenhuettenstadt\\\/#breadcrumb\",\"itemListElement\":[{\"@type\":\"ListItem\",\"position\":1,\"name\":\"Startseite\",\"item\":\"https:\\\/\\\/los-family.de\\\/fachleute\\\/\"},{\"@type\":\"ListItem\",\"position\":2,\"name\":\"Fachtag: Kinder psychisch kranker Eltern am 12.09.2018 in Eisenh\u00fcttenstadt\"}]},{\"@type\":\"WebSite\",\"@id\":\"https:\\\/\\\/los-family.de\\\/fachleute\\\/#website\",\"url\":\"https:\\\/\\\/los-family.de\\\/fachleute\\\/\",\"name\":\"LOS-Family FACHLEUTE\",\"description\":\"Das Netzwerk f\u00fcr &quot;Fr\u00fche Hilfen&quot; im LOS\",\"potentialAction\":[{\"@type\":\"SearchAction\",\"target\":{\"@type\":\"EntryPoint\",\"urlTemplate\":\"https:\\\/\\\/los-family.de\\\/fachleute\\\/?s={search_term_string}\"},\"query-input\":{\"@type\":\"PropertyValueSpecification\",\"valueRequired\":true,\"valueName\":\"search_term_string\"}}],\"inLanguage\":\"de\"},{\"@type\":\"Person\",\"@id\":\"https:\\\/\\\/los-family.de\\\/fachleute\\\/#\\\/schema\\\/person\\\/0255b3cfe6c238de92ef325d568514b1\",\"name\":\"Jeanett Kleinert\",\"image\":{\"@type\":\"ImageObject\",\"inLanguage\":\"de\",\"@id\":\"https:\\\/\\\/secure.gravatar.com\\\/avatar\\\/f7567fae13271a640a8f6514d1dfd068eb81f963f6813013a3adb0944674b6ea?s=96&d=mm&r=g\",\"url\":\"https:\\\/\\\/secure.gravatar.com\\\/avatar\\\/f7567fae13271a640a8f6514d1dfd068eb81f963f6813013a3adb0944674b6ea?s=96&d=mm&r=g\",\"contentUrl\":\"https:\\\/\\\/secure.gravatar.com\\\/avatar\\\/f7567fae13271a640a8f6514d1dfd068eb81f963f6813013a3adb0944674b6ea?s=96&d=mm&r=g\",\"caption\":\"Jeanett Kleinert\"}}]}<\/script>\n<!-- \/ Yoast SEO plugin. -->","yoast_head_json":{"title":"Fachtag: Kinder psychisch kranker Eltern am 12.09.2018 in Eisenh\u00fcttenstadt &#8226; LOS-Family FACHLEUTE","robots":{"index":"index","follow":"follow","max-snippet":"max-snippet:-1","max-image-preview":"max-image-preview:large","max-video-preview":"max-video-preview:-1"},"canonical":"https:\/\/los-family.de\/fachleute\/2018\/11\/06\/fachtag-kinder-psychisch-kranker-eltern-am-12-09-2018-in-eisenhuettenstadt\/","og_locale":"de_DE","og_type":"article","og_title":"Fachtag: Kinder psychisch kranker Eltern am 12.09.2018 in Eisenh\u00fcttenstadt &#8226; LOS-Family FACHLEUTE","og_description":"Am 12.9.2018 lud das Netzwerk Fr\u00fche Hilfen und Gesunde Kinder gemeinsam mit der Immanuel Klinik R\u00fcdersdorf in die\u00a0st\u00e4dt. Krankenhaus Eisenh\u00fcttenstadt GmbH zu einem Fachtag ein, in dem es sich um Kinder psychisch kranker Eltern drehte. Hier finden Sie die Einladung. \u201eMehr als 3 Mio Kinder in Deutschland haben psychisch erkrankte Eltern, davon sind etwa 500.000&hellip; Continue Reading Fachtag: Kinder psychisch kranker Eltern am 12.09.2018 in Eisenh\u00fcttenstadt","og_url":"https:\/\/los-family.de\/fachleute\/2018\/11\/06\/fachtag-kinder-psychisch-kranker-eltern-am-12-09-2018-in-eisenhuettenstadt\/","og_site_name":"LOS-Family FACHLEUTE","article_published_time":"2018-11-06T12:09:05+00:00","og_image":[{"width":1920,"height":1080,"url":"https:\/\/los-family.de\/fachleute\/wp-content\/uploads\/2018\/10\/IMG_1353.jpg","type":"image\/jpeg"}],"author":"Jeanett Kleinert","twitter_card":"summary_large_image","twitter_misc":{"Verfasst von":"Jeanett Kleinert","Gesch\u00e4tzte Lesezeit":"2\u00a0Minuten"},"schema":{"@context":"https:\/\/schema.org","@graph":[{"@type":"Article","@id":"https:\/\/los-family.de\/fachleute\/2018\/11\/06\/fachtag-kinder-psychisch-kranker-eltern-am-12-09-2018-in-eisenhuettenstadt\/#article","isPartOf":{"@id":"https:\/\/los-family.de\/fachleute\/2018\/11\/06\/fachtag-kinder-psychisch-kranker-eltern-am-12-09-2018-in-eisenhuettenstadt\/"},"author":{"name":"Jeanett Kleinert","@id":"https:\/\/los-family.de\/fachleute\/#\/schema\/person\/0255b3cfe6c238de92ef325d568514b1"},"headline":"Fachtag: Kinder psychisch kranker Eltern am 12.09.2018 in Eisenh\u00fcttenstadt","datePublished":"2018-11-06T12:09:05+00:00","mainEntityOfPage":{"@id":"https:\/\/los-family.de\/fachleute\/2018\/11\/06\/fachtag-kinder-psychisch-kranker-eltern-am-12-09-2018-in-eisenhuettenstadt\/"},"wordCount":457,"commentCount":0,"image":{"@id":"https:\/\/los-family.de\/fachleute\/2018\/11\/06\/fachtag-kinder-psychisch-kranker-eltern-am-12-09-2018-in-eisenhuettenstadt\/#primaryimage"},"thumbnailUrl":"https:\/\/los-family.de\/fachleute\/wp-content\/uploads\/2018\/10\/IMG_1353.jpg","articleSection":["Fachtage"],"inLanguage":"de","potentialAction":[{"@type":"CommentAction","name":"Comment","target":["https:\/\/los-family.de\/fachleute\/2018\/11\/06\/fachtag-kinder-psychisch-kranker-eltern-am-12-09-2018-in-eisenhuettenstadt\/#respond"]}]},{"@type":"WebPage","@id":"https:\/\/los-family.de\/fachleute\/2018\/11\/06\/fachtag-kinder-psychisch-kranker-eltern-am-12-09-2018-in-eisenhuettenstadt\/","url":"https:\/\/los-family.de\/fachleute\/2018\/11\/06\/fachtag-kinder-psychisch-kranker-eltern-am-12-09-2018-in-eisenhuettenstadt\/","name":"Fachtag: Kinder psychisch kranker Eltern am 12.09.2018 in Eisenh\u00fcttenstadt &#8226; LOS-Family FACHLEUTE","isPartOf":{"@id":"https:\/\/los-family.de\/fachleute\/#website"},"primaryImageOfPage":{"@id":"https:\/\/los-family.de\/fachleute\/2018\/11\/06\/fachtag-kinder-psychisch-kranker-eltern-am-12-09-2018-in-eisenhuettenstadt\/#primaryimage"},"image":{"@id":"https:\/\/los-family.de\/fachleute\/2018\/11\/06\/fachtag-kinder-psychisch-kranker-eltern-am-12-09-2018-in-eisenhuettenstadt\/#primaryimage"},"thumbnailUrl":"https:\/\/los-family.de\/fachleute\/wp-content\/uploads\/2018\/10\/IMG_1353.jpg","datePublished":"2018-11-06T12:09:05+00:00","author":{"@id":"https:\/\/los-family.de\/fachleute\/#\/schema\/person\/0255b3cfe6c238de92ef325d568514b1"},"breadcrumb":{"@id":"https:\/\/los-family.de\/fachleute\/2018\/11\/06\/fachtag-kinder-psychisch-kranker-eltern-am-12-09-2018-in-eisenhuettenstadt\/#breadcrumb"},"inLanguage":"de","potentialAction":[{"@type":"ReadAction","target":["https:\/\/los-family.de\/fachleute\/2018\/11\/06\/fachtag-kinder-psychisch-kranker-eltern-am-12-09-2018-in-eisenhuettenstadt\/"]}]},{"@type":"ImageObject","inLanguage":"de","@id":"https:\/\/los-family.de\/fachleute\/2018\/11\/06\/fachtag-kinder-psychisch-kranker-eltern-am-12-09-2018-in-eisenhuettenstadt\/#primaryimage","url":"https:\/\/los-family.de\/fachleute\/wp-content\/uploads\/2018\/10\/IMG_1353.jpg","contentUrl":"https:\/\/los-family.de\/fachleute\/wp-content\/uploads\/2018\/10\/IMG_1353.jpg","width":1920,"height":1080},{"@type":"BreadcrumbList","@id":"https:\/\/los-family.de\/fachleute\/2018\/11\/06\/fachtag-kinder-psychisch-kranker-eltern-am-12-09-2018-in-eisenhuettenstadt\/#breadcrumb","itemListElement":[{"@type":"ListItem","position":1,"name":"Startseite","item":"https:\/\/los-family.de\/fachleute\/"},{"@type":"ListItem","position":2,"name":"Fachtag: Kinder psychisch kranker Eltern am 12.09.2018 in Eisenh\u00fcttenstadt"}]},{"@type":"WebSite","@id":"https:\/\/los-family.de\/fachleute\/#website","url":"https:\/\/los-family.de\/fachleute\/","name":"LOS-Family FACHLEUTE","description":"Das Netzwerk f\u00fcr &quot;Fr\u00fche Hilfen&quot; im LOS","potentialAction":[{"@type":"SearchAction","target":{"@type":"EntryPoint","urlTemplate":"https:\/\/los-family.de\/fachleute\/?s={search_term_string}"},"query-input":{"@type":"PropertyValueSpecification","valueRequired":true,"valueName":"search_term_string"}}],"inLanguage":"de"},{"@type":"Person","@id":"https:\/\/los-family.de\/fachleute\/#\/schema\/person\/0255b3cfe6c238de92ef325d568514b1","name":"Jeanett Kleinert","image":{"@type":"ImageObject","inLanguage":"de","@id":"https:\/\/secure.gravatar.com\/avatar\/f7567fae13271a640a8f6514d1dfd068eb81f963f6813013a3adb0944674b6ea?s=96&d=mm&r=g","url":"https:\/\/secure.gravatar.com\/avatar\/f7567fae13271a640a8f6514d1dfd068eb81f963f6813013a3adb0944674b6ea?s=96&d=mm&r=g","contentUrl":"https:\/\/secure.gravatar.com\/avatar\/f7567fae13271a640a8f6514d1dfd068eb81f963f6813013a3adb0944674b6ea?s=96&d=mm&r=g","caption":"Jeanett Kleinert"}}]}},"_links":{"self":[{"href":"https:\/\/los-family.de\/fachleute\/wp-json\/wp\/v2\/posts\/1662","targetHints":{"allow":["GET"]}}],"collection":[{"href":"https:\/\/los-family.de\/fachleute\/wp-json\/wp\/v2\/posts"}],"about":[{"href":"https:\/\/los-family.de\/fachleute\/wp-json\/wp\/v2\/types\/post"}],"author":[{"embeddable":true,"href":"https:\/\/los-family.de\/fachleute\/wp-json\/wp\/v2\/users\/2"}],"replies":[{"embeddable":true,"href":"https:\/\/los-family.de\/fachleute\/wp-json\/wp\/v2\/comments?post=1662"}],"version-history":[{"count":3,"href":"https:\/\/los-family.de\/fachleute\/wp-json\/wp\/v2\/posts\/1662\/revisions"}],"predecessor-version":[{"id":1673,"href":"https:\/\/los-family.de\/fachleute\/wp-json\/wp\/v2\/posts\/1662\/revisions\/1673"}],"wp:featuredmedia":[{"embeddable":true,"href":"https:\/\/los-family.de\/fachleute\/wp-json\/wp\/v2\/media\/1663"}],"wp:attachment":[{"href":"https:\/\/los-family.de\/fachleute\/wp-json\/wp\/v2\/media?parent=1662"}],"wp:term":[{"taxonomy":"category","embeddable":true,"href":"https:\/\/los-family.de\/fachleute\/wp-json\/wp\/v2\/categories?post=1662"},{"taxonomy":"post_tag","embeddable":true,"href":"https:\/\/los-family.de\/fachleute\/wp-json\/wp\/v2\/tags?post=1662"}],"curies":[{"name":"wp","href":"https:\/\/api.w.org\/{rel}","templated":true}]}}