{"id":1256,"date":"2017-10-12T10:18:52","date_gmt":"2017-10-12T08:18:52","guid":{"rendered":"https:\/\/los-family.de\/fachleute\/?p=1256"},"modified":"2017-10-12T10:20:50","modified_gmt":"2017-10-12T08:20:50","slug":"fachdialog-das-sgb-viii-im-wandel-auswirkungen-einer-moeglichen-sgb-viii-reform-auf-kinder-jugendliche-und-familien","status":"publish","type":"post","link":"https:\/\/los-family.de\/fachleute\/2017\/10\/12\/fachdialog-das-sgb-viii-im-wandel-auswirkungen-einer-moeglichen-sgb-viii-reform-auf-kinder-jugendliche-und-familien\/","title":{"rendered":"Fachdialog- &#8222;Das SGB VIII im Wandel &#8211; Auswirkungen einer m\u00f6glichen SGB VIII-Reform auf Kinder, Jugendliche und Familien&#8220;"},"content":{"rendered":"<p>Am 26.09.2017 luden der Jugendhilfeausschuss und das Jugendamt des Landkreises Oder-Spree im Rahmen der Netzwerke &#8222;Fr\u00fche Hilfen&#8220; zu einem Dialogforum auf die Burg in Storkow ein. \u00dcber 100 Anmeldungen aus der kommunalen und \u00fcberregionalen Fach\u00f6ffentlichkeit und Fachpolitik zeigten ein breites Interesse an diesem Thema.<\/p>\n<p><a href=\"https:\/\/los-family.de\/fachleute\/wp-content\/uploads\/2017\/09\/Teilnehmer-Fachdialog-26.09.17.jpg\"><img loading=\"lazy\" decoding=\"async\" class=\"alignnone size-full wp-image-1266\" src=\"https:\/\/los-family.de\/fachleute\/wp-content\/uploads\/2017\/09\/Teilnehmer-Fachdialog-26.09.17.jpg\" alt=\"\" width=\"900\" height=\"506\" srcset=\"https:\/\/los-family.de\/fachleute\/wp-content\/uploads\/2017\/09\/Teilnehmer-Fachdialog-26.09.17.jpg 900w, https:\/\/los-family.de\/fachleute\/wp-content\/uploads\/2017\/09\/Teilnehmer-Fachdialog-26.09.17-300x169.jpg 300w, https:\/\/los-family.de\/fachleute\/wp-content\/uploads\/2017\/09\/Teilnehmer-Fachdialog-26.09.17-768x432.jpg 768w, https:\/\/los-family.de\/fachleute\/wp-content\/uploads\/2017\/09\/Teilnehmer-Fachdialog-26.09.17-747x420.jpg 747w, https:\/\/los-family.de\/fachleute\/wp-content\/uploads\/2017\/09\/Teilnehmer-Fachdialog-26.09.17-640x360.jpg 640w, https:\/\/los-family.de\/fachleute\/wp-content\/uploads\/2017\/09\/Teilnehmer-Fachdialog-26.09.17-681x383.jpg 681w\" sizes=\"auto, (max-width: 900px) 100vw, 900px\" \/><\/a>Er\u00f6ffnet wurde der Fachdialog durch den Amtsleiter des Jugendamtes, Herrn Martin Isermeyer. Er gab einen R\u00fcckblick auf die bisherigen Reformdebatten und regte zu einem offenen Austausch an. Die Er\u00f6ffnungsrede von Herr Isermeyer finden Sie\u00a0<a href=\"https:\/\/los-family.de\/fachleute\/wp-content\/uploads\/2017\/09\/Begr\u00fc\u00dfung_SGB_VIII2017_09.pdf\">hier<\/a>.<\/p>\n<p><a href=\"https:\/\/los-family.de\/fachleute\/wp-content\/uploads\/2017\/09\/Er\u00f6ffnung-Fachdialog-26.09..jpg\"><img loading=\"lazy\" decoding=\"async\" class=\"alignnone size-full wp-image-1268\" src=\"https:\/\/los-family.de\/fachleute\/wp-content\/uploads\/2017\/09\/Er\u00f6ffnung-Fachdialog-26.09..jpg\" alt=\"\" width=\"1000\" height=\"562\" srcset=\"https:\/\/los-family.de\/fachleute\/wp-content\/uploads\/2017\/09\/Er\u00f6ffnung-Fachdialog-26.09..jpg 1000w, https:\/\/los-family.de\/fachleute\/wp-content\/uploads\/2017\/09\/Er\u00f6ffnung-Fachdialog-26.09.-300x169.jpg 300w, https:\/\/los-family.de\/fachleute\/wp-content\/uploads\/2017\/09\/Er\u00f6ffnung-Fachdialog-26.09.-768x432.jpg 768w, https:\/\/los-family.de\/fachleute\/wp-content\/uploads\/2017\/09\/Er\u00f6ffnung-Fachdialog-26.09.-747x420.jpg 747w, https:\/\/los-family.de\/fachleute\/wp-content\/uploads\/2017\/09\/Er\u00f6ffnung-Fachdialog-26.09.-640x360.jpg 640w, https:\/\/los-family.de\/fachleute\/wp-content\/uploads\/2017\/09\/Er\u00f6ffnung-Fachdialog-26.09.-681x383.jpg 681w\" sizes=\"auto, (max-width: 1000px) 100vw, 1000px\" \/><\/a>Herr Dr. Berger, Vorsitzender des Kreistages des Landkreises Oder-Spree, sprach die Gru\u00dfworte, in denen er sich f\u00fcr das Engagement des Jugendamtes f\u00fcr Familien bedankte und den nun folgenden Referenten und besonderen Gast des Tages, Herrn Prof. Dr. Reinhard Wiesner, als\u00a0&#8222;Papst des SGB VIII&#8220; bezeichnete.<\/p>\n<p><a href=\"https:\/\/los-family.de\/fachleute\/wp-content\/uploads\/2017\/09\/Dr.-Berger-Gru\u00dfwort-Fachdialog-26.09.17.jpg\"><img loading=\"lazy\" decoding=\"async\" class=\"alignnone size-full wp-image-1267\" src=\"https:\/\/los-family.de\/fachleute\/wp-content\/uploads\/2017\/09\/Dr.-Berger-Gru\u00dfwort-Fachdialog-26.09.17.jpg\" alt=\"\" width=\"1000\" height=\"562\" srcset=\"https:\/\/los-family.de\/fachleute\/wp-content\/uploads\/2017\/09\/Dr.-Berger-Gru\u00dfwort-Fachdialog-26.09.17.jpg 1000w, https:\/\/los-family.de\/fachleute\/wp-content\/uploads\/2017\/09\/Dr.-Berger-Gru\u00dfwort-Fachdialog-26.09.17-300x169.jpg 300w, https:\/\/los-family.de\/fachleute\/wp-content\/uploads\/2017\/09\/Dr.-Berger-Gru\u00dfwort-Fachdialog-26.09.17-768x432.jpg 768w, https:\/\/los-family.de\/fachleute\/wp-content\/uploads\/2017\/09\/Dr.-Berger-Gru\u00dfwort-Fachdialog-26.09.17-747x420.jpg 747w, https:\/\/los-family.de\/fachleute\/wp-content\/uploads\/2017\/09\/Dr.-Berger-Gru\u00dfwort-Fachdialog-26.09.17-640x360.jpg 640w, https:\/\/los-family.de\/fachleute\/wp-content\/uploads\/2017\/09\/Dr.-Berger-Gru\u00dfwort-Fachdialog-26.09.17-681x383.jpg 681w\" sizes=\"auto, (max-width: 1000px) 100vw, 1000px\" \/><\/a>Herr Prof. Dr. Reinhard Wiesner ging insbesondere auf den Reformprozess ein, der bereits\u00a0in den 70er und 80er Jahren begann. Er ging auf den mutma\u00dflichen Reformbedarf ein, stellte zentrale Themen in den Arbeitsentw\u00fcrfen der neuerlichen Reformdiskussionen vor und lud dazu ein, den Entwurf zu diskutieren. Dabei brachte er seine Erfahrungen und Hypothesen zu den Auswirkungen einer m\u00f6glichen Reform ein.<\/p>\n<p>Seinen Vortrag finden Sie zum Nachlesen <a href=\"https:\/\/los-family.de\/fachleute\/wp-content\/uploads\/2017\/09\/Pr\u00e4sentation-Prof.-Dr.-Wiesner.pdf\">Pr\u00e4sentation Prof. Dr. Wiesner<\/a><\/p>\n<p><a href=\"https:\/\/los-family.de\/fachleute\/wp-content\/uploads\/2017\/09\/Prof.-Dr.Dr_.-Wiesner-Vortrag-SGB-VIII-Reform.jpg\"><img loading=\"lazy\" decoding=\"async\" class=\"alignnone size-full wp-image-1263\" src=\"https:\/\/los-family.de\/fachleute\/wp-content\/uploads\/2017\/09\/Prof.-Dr.Dr_.-Wiesner-Vortrag-SGB-VIII-Reform.jpg\" alt=\"\" width=\"900\" height=\"506\" srcset=\"https:\/\/los-family.de\/fachleute\/wp-content\/uploads\/2017\/09\/Prof.-Dr.Dr_.-Wiesner-Vortrag-SGB-VIII-Reform.jpg 900w, https:\/\/los-family.de\/fachleute\/wp-content\/uploads\/2017\/09\/Prof.-Dr.Dr_.-Wiesner-Vortrag-SGB-VIII-Reform-300x169.jpg 300w, https:\/\/los-family.de\/fachleute\/wp-content\/uploads\/2017\/09\/Prof.-Dr.Dr_.-Wiesner-Vortrag-SGB-VIII-Reform-768x432.jpg 768w, https:\/\/los-family.de\/fachleute\/wp-content\/uploads\/2017\/09\/Prof.-Dr.Dr_.-Wiesner-Vortrag-SGB-VIII-Reform-747x420.jpg 747w, https:\/\/los-family.de\/fachleute\/wp-content\/uploads\/2017\/09\/Prof.-Dr.Dr_.-Wiesner-Vortrag-SGB-VIII-Reform-640x360.jpg 640w, https:\/\/los-family.de\/fachleute\/wp-content\/uploads\/2017\/09\/Prof.-Dr.Dr_.-Wiesner-Vortrag-SGB-VIII-Reform-681x383.jpg 681w\" sizes=\"auto, (max-width: 900px) 100vw, 900px\" \/><\/a><\/p>\n<p>Anschlie\u00dfend berichtete R\u00e9ka Fazekas vom Deutschen Verein f\u00fcr \u00f6ffentliche und private F\u00fcrsorge e.V. (DV) \u00fcber das Dialogforum <a href=\"https:\/\/los-family.de\/fachleute\/wp-content\/uploads\/2017\/09\/Dialogforum-Storkow.pdf\">&#8222;Zukunft der Kinder- und Jugendhilfe&#8220;<\/a>, welches der DV im Auftrag des Bundesministeriums f\u00fcr Familie, Senioren, Frauen und Jugend (BMFSFJ) durchf\u00fchrt. Durch die erneute R\u00fccknahme der Gesetzesvorlage von der Tagesordnung im Bundesrat am 22.09.2017 bliebe mehr Zeit f\u00fcr Diskussionen.\u00a0Es wurden\u00a04 AG\u00b4n gebildet, in denen 30-40 Teilnehmer aus unterschiedlichen Berufsfeldern zu den dort benannten Themenschwerpunkten diskutieren.\u00a0Aus den diskutierten Inhalten dieser AG\u00b4n sollen Empfehlungen f\u00fcr die Bundesregierung abgeleitet werden.<\/p>\n<p>\u201eDer Deutsche Verein hat sich in der brisanten Debatte um die SGB VIII-Reform deutlich f\u00fcr die Interessen und Rechte von Kindern, Jugendlichen und ihre Familien positioniert. Wir sehen aber auch noch deutlichen Weiterentwicklungsbedarf, anerkennen gleichzeitig, dass f\u00fcr die urspr\u00fcnglich geplante umfassendere Reform nun auch Gelegenheit zu einem intensiven Diskurs besteht\u201c, sagt Johannes Fuchs, Pr\u00e4sident des Deutschen Vereins f\u00fcr \u00f6ffentliche und private F\u00fcrsorge e.V.\u00a0(Quelle: Pressemitteilung &#8222;SGB VIII-Reform: Okay, aber zu kurz gesprungen&#8220; vom 20.06.2017)<\/p>\n<p><a href=\"https:\/\/los-family.de\/fachleute\/wp-content\/uploads\/2017\/09\/Vortrag-Frau-Fazekas-Deutscher-Verein-f\u00fcr-\u00f6ffentliche-und-private-F\u00fcrsorge.jpg\"><img loading=\"lazy\" decoding=\"async\" class=\"alignnone size-full wp-image-1265\" src=\"https:\/\/los-family.de\/fachleute\/wp-content\/uploads\/2017\/09\/Vortrag-Frau-Fazekas-Deutscher-Verein-f\u00fcr-\u00f6ffentliche-und-private-F\u00fcrsorge.jpg\" alt=\"\" width=\"900\" height=\"506\" srcset=\"https:\/\/los-family.de\/fachleute\/wp-content\/uploads\/2017\/09\/Vortrag-Frau-Fazekas-Deutscher-Verein-f\u00fcr-\u00f6ffentliche-und-private-F\u00fcrsorge.jpg 900w, https:\/\/los-family.de\/fachleute\/wp-content\/uploads\/2017\/09\/Vortrag-Frau-Fazekas-Deutscher-Verein-f\u00fcr-\u00f6ffentliche-und-private-F\u00fcrsorge-300x169.jpg 300w, https:\/\/los-family.de\/fachleute\/wp-content\/uploads\/2017\/09\/Vortrag-Frau-Fazekas-Deutscher-Verein-f\u00fcr-\u00f6ffentliche-und-private-F\u00fcrsorge-768x432.jpg 768w, https:\/\/los-family.de\/fachleute\/wp-content\/uploads\/2017\/09\/Vortrag-Frau-Fazekas-Deutscher-Verein-f\u00fcr-\u00f6ffentliche-und-private-F\u00fcrsorge-747x420.jpg 747w, https:\/\/los-family.de\/fachleute\/wp-content\/uploads\/2017\/09\/Vortrag-Frau-Fazekas-Deutscher-Verein-f\u00fcr-\u00f6ffentliche-und-private-F\u00fcrsorge-640x360.jpg 640w, https:\/\/los-family.de\/fachleute\/wp-content\/uploads\/2017\/09\/Vortrag-Frau-Fazekas-Deutscher-Verein-f\u00fcr-\u00f6ffentliche-und-private-F\u00fcrsorge-681x383.jpg 681w\" sizes=\"auto, (max-width: 900px) 100vw, 900px\" \/><\/a><\/p>\n<p>In der Folge wurde im Plenum mit den Teilnehmerinnen und Teilnehmern diskutiert, welche Chancen und Risiken sie sehen, sollte die Reform in der bestehenden Fassung in Kraft treten. Hier sah man den Blick auf das Kind und sozialraumorientierte Ans\u00e4tze als gest\u00e4rkt an, lobte eine breitere Diskussionsm\u00f6glichkeit, gab aber auch zu bedenken, dass\u00a0 Beteiligungsrechte von Eltern in Gefahr sein k\u00f6nnten. Schlussfolgerungen\u00a0aus dem heutigen Tag sind eine Beteiligung von Kindern im Hilfeplan st\u00e4rker zu fordern\/zu f\u00f6rdern, die Behindertenverb\u00e4nde\u00a0in den Diskurs vor Ort\u00a0einzubeziehen und die Umsetzung des Gesetzes zur St\u00e4rkung der Teilhabe und Selbstbestimmung von Menschen mit Behinderungen (Bundesteilhabegesetz \u2013 BTHG) vor Ort zu diskutieren. Ansonsten gab es eine eher verhaltene Diskussion, da die Gesetzesreform noch nicht verabschiedet ist.<\/p>\n<p>In seiner Abschiedsrede\u00a0wagte Herr Isermeyer einen kleinen Ausblick auf die kommende Zeit. Dabei legte er den Schwerpunkt auf die kommunalpolitischen Gestaltungsspielr\u00e4ume und die damit verbundene Verantwortung bei der Umsetzung des SGB VIII in die Praxis. Er lud die Fach\u00f6ffentlichkeit dazu ein, sich am Fachdiskurs vor Ort zu beteiligen.<a href=\"https:\/\/los-family.de\/fachleute\/wp-content\/uploads\/2017\/09\/Vortrag_SGB_VIII2017_09.pdf\"> Vortrag Herr Isermeyer<\/a><\/p>\n<p><a href=\"https:\/\/los-family.de\/fachleute\/wp-content\/uploads\/2017\/09\/Abschiedsworte-26.09.2017.jpg\"><img loading=\"lazy\" decoding=\"async\" class=\"alignnone size-full wp-image-1269\" src=\"https:\/\/los-family.de\/fachleute\/wp-content\/uploads\/2017\/09\/Abschiedsworte-26.09.2017.jpg\" alt=\"\" width=\"900\" height=\"506\" srcset=\"https:\/\/los-family.de\/fachleute\/wp-content\/uploads\/2017\/09\/Abschiedsworte-26.09.2017.jpg 900w, https:\/\/los-family.de\/fachleute\/wp-content\/uploads\/2017\/09\/Abschiedsworte-26.09.2017-300x169.jpg 300w, https:\/\/los-family.de\/fachleute\/wp-content\/uploads\/2017\/09\/Abschiedsworte-26.09.2017-768x432.jpg 768w, https:\/\/los-family.de\/fachleute\/wp-content\/uploads\/2017\/09\/Abschiedsworte-26.09.2017-747x420.jpg 747w, https:\/\/los-family.de\/fachleute\/wp-content\/uploads\/2017\/09\/Abschiedsworte-26.09.2017-640x360.jpg 640w, https:\/\/los-family.de\/fachleute\/wp-content\/uploads\/2017\/09\/Abschiedsworte-26.09.2017-681x383.jpg 681w\" sizes=\"auto, (max-width: 900px) 100vw, 900px\" \/><\/a><\/p>\n","protected":false},"excerpt":{"rendered":"<p>Am 26.09.2017 luden der Jugendhilfeausschuss und das Jugendamt des Landkreises Oder-Spree im Rahmen der Netzwerke &#8222;Fr\u00fche Hilfen&#8220; zu einem Dialogforum auf die Burg in Storkow ein. \u00dcber 100 Anmeldungen aus der kommunalen und \u00fcberregionalen Fach\u00f6ffentlichkeit und Fachpolitik zeigten ein breites Interesse an diesem Thema. Er\u00f6ffnet wurde der Fachdialog durch den Amtsleiter des Jugendamtes, Herrn Martin&hellip; <a class=\"continue\" href=\"https:\/\/los-family.de\/fachleute\/2017\/10\/12\/fachdialog-das-sgb-viii-im-wandel-auswirkungen-einer-moeglichen-sgb-viii-reform-auf-kinder-jugendliche-und-familien\/\">Continue Reading<span> Fachdialog- &#8222;Das SGB VIII im Wandel &#8211; Auswirkungen einer m\u00f6glichen SGB VIII-Reform auf Kinder, Jugendliche und Familien&#8220;<\/span><\/a><\/p>\n","protected":false},"author":2,"featured_media":1267,"comment_status":"open","ping_status":"open","sticky":false,"template":"","format":"standard","meta":{"footnotes":""},"categories":[1],"tags":[],"class_list":["post-1256","post","type-post","status-publish","format-standard","has-post-thumbnail","hentry","category-allgemein"],"yoast_head":"<!-- This site is optimized with the Yoast SEO plugin v27.5 - https:\/\/yoast.com\/product\/yoast-seo-wordpress\/ -->\n<title>Fachdialog- &quot;Das SGB VIII im Wandel - Auswirkungen einer m\u00f6glichen SGB VIII-Reform auf Kinder, Jugendliche und Familien&quot; &#8226; LOS-Family FACHLEUTE<\/title>\n<meta name=\"robots\" content=\"index, follow, max-snippet:-1, max-image-preview:large, max-video-preview:-1\" \/>\n<link rel=\"canonical\" href=\"https:\/\/los-family.de\/fachleute\/2017\/10\/12\/fachdialog-das-sgb-viii-im-wandel-auswirkungen-einer-moeglichen-sgb-viii-reform-auf-kinder-jugendliche-und-familien\/\" \/>\n<meta property=\"og:locale\" content=\"de_DE\" \/>\n<meta property=\"og:type\" content=\"article\" \/>\n<meta property=\"og:title\" content=\"Fachdialog- &quot;Das SGB VIII im Wandel - Auswirkungen einer m\u00f6glichen SGB VIII-Reform auf Kinder, Jugendliche und Familien&quot; &#8226; LOS-Family FACHLEUTE\" \/>\n<meta property=\"og:description\" content=\"Am 26.09.2017 luden der Jugendhilfeausschuss und das Jugendamt des Landkreises Oder-Spree im Rahmen der Netzwerke &#8222;Fr\u00fche Hilfen&#8220; zu einem Dialogforum auf die Burg in Storkow ein. \u00dcber 100 Anmeldungen aus der kommunalen und \u00fcberregionalen Fach\u00f6ffentlichkeit und Fachpolitik zeigten ein breites Interesse an diesem Thema. Er\u00f6ffnet wurde der Fachdialog durch den Amtsleiter des Jugendamtes, Herrn Martin&hellip; Continue Reading Fachdialog- &#8222;Das SGB VIII im Wandel &#8211; Auswirkungen einer m\u00f6glichen SGB VIII-Reform auf Kinder, Jugendliche und Familien&#8220;\" \/>\n<meta property=\"og:url\" content=\"https:\/\/los-family.de\/fachleute\/2017\/10\/12\/fachdialog-das-sgb-viii-im-wandel-auswirkungen-einer-moeglichen-sgb-viii-reform-auf-kinder-jugendliche-und-familien\/\" \/>\n<meta property=\"og:site_name\" content=\"LOS-Family FACHLEUTE\" \/>\n<meta property=\"article:published_time\" content=\"2017-10-12T08:18:52+00:00\" \/>\n<meta property=\"article:modified_time\" content=\"2017-10-12T08:20:50+00:00\" \/>\n<meta property=\"og:image\" content=\"https:\/\/los-family.de\/fachleute\/wp-content\/uploads\/2017\/09\/Dr.-Berger-Gru\u00dfwort-Fachdialog-26.09.17.jpg\" \/>\n\t<meta property=\"og:image:width\" content=\"1000\" \/>\n\t<meta property=\"og:image:height\" content=\"562\" \/>\n\t<meta property=\"og:image:type\" content=\"image\/jpeg\" \/>\n<meta name=\"author\" content=\"Jeanett Kleinert\" \/>\n<meta name=\"twitter:card\" content=\"summary_large_image\" \/>\n<meta name=\"twitter:label1\" content=\"Verfasst von\" \/>\n\t<meta name=\"twitter:data1\" content=\"Jeanett Kleinert\" \/>\n\t<meta name=\"twitter:label2\" content=\"Gesch\u00e4tzte Lesezeit\" \/>\n\t<meta name=\"twitter:data2\" content=\"3\u00a0Minuten\" \/>\n<script type=\"application\/ld+json\" class=\"yoast-schema-graph\">{\"@context\":\"https:\\\/\\\/schema.org\",\"@graph\":[{\"@type\":\"Article\",\"@id\":\"https:\\\/\\\/los-family.de\\\/fachleute\\\/2017\\\/10\\\/12\\\/fachdialog-das-sgb-viii-im-wandel-auswirkungen-einer-moeglichen-sgb-viii-reform-auf-kinder-jugendliche-und-familien\\\/#article\",\"isPartOf\":{\"@id\":\"https:\\\/\\\/los-family.de\\\/fachleute\\\/2017\\\/10\\\/12\\\/fachdialog-das-sgb-viii-im-wandel-auswirkungen-einer-moeglichen-sgb-viii-reform-auf-kinder-jugendliche-und-familien\\\/\"},\"author\":{\"name\":\"Jeanett Kleinert\",\"@id\":\"https:\\\/\\\/los-family.de\\\/fachleute\\\/#\\\/schema\\\/person\\\/0255b3cfe6c238de92ef325d568514b1\"},\"headline\":\"Fachdialog- &#8222;Das SGB VIII im Wandel &#8211; Auswirkungen einer m\u00f6glichen SGB VIII-Reform auf Kinder, Jugendliche und Familien&#8220;\",\"datePublished\":\"2017-10-12T08:18:52+00:00\",\"dateModified\":\"2017-10-12T08:20:50+00:00\",\"mainEntityOfPage\":{\"@id\":\"https:\\\/\\\/los-family.de\\\/fachleute\\\/2017\\\/10\\\/12\\\/fachdialog-das-sgb-viii-im-wandel-auswirkungen-einer-moeglichen-sgb-viii-reform-auf-kinder-jugendliche-und-familien\\\/\"},\"wordCount\":578,\"commentCount\":0,\"image\":{\"@id\":\"https:\\\/\\\/los-family.de\\\/fachleute\\\/2017\\\/10\\\/12\\\/fachdialog-das-sgb-viii-im-wandel-auswirkungen-einer-moeglichen-sgb-viii-reform-auf-kinder-jugendliche-und-familien\\\/#primaryimage\"},\"thumbnailUrl\":\"https:\\\/\\\/los-family.de\\\/fachleute\\\/wp-content\\\/uploads\\\/2017\\\/09\\\/Dr.-Berger-Gru\u00dfwort-Fachdialog-26.09.17.jpg\",\"inLanguage\":\"de\",\"potentialAction\":[{\"@type\":\"CommentAction\",\"name\":\"Comment\",\"target\":[\"https:\\\/\\\/los-family.de\\\/fachleute\\\/2017\\\/10\\\/12\\\/fachdialog-das-sgb-viii-im-wandel-auswirkungen-einer-moeglichen-sgb-viii-reform-auf-kinder-jugendliche-und-familien\\\/#respond\"]}]},{\"@type\":\"WebPage\",\"@id\":\"https:\\\/\\\/los-family.de\\\/fachleute\\\/2017\\\/10\\\/12\\\/fachdialog-das-sgb-viii-im-wandel-auswirkungen-einer-moeglichen-sgb-viii-reform-auf-kinder-jugendliche-und-familien\\\/\",\"url\":\"https:\\\/\\\/los-family.de\\\/fachleute\\\/2017\\\/10\\\/12\\\/fachdialog-das-sgb-viii-im-wandel-auswirkungen-einer-moeglichen-sgb-viii-reform-auf-kinder-jugendliche-und-familien\\\/\",\"name\":\"Fachdialog- \\\"Das SGB VIII im Wandel - Auswirkungen einer m\u00f6glichen SGB VIII-Reform auf Kinder, Jugendliche und Familien\\\" &#8226; LOS-Family FACHLEUTE\",\"isPartOf\":{\"@id\":\"https:\\\/\\\/los-family.de\\\/fachleute\\\/#website\"},\"primaryImageOfPage\":{\"@id\":\"https:\\\/\\\/los-family.de\\\/fachleute\\\/2017\\\/10\\\/12\\\/fachdialog-das-sgb-viii-im-wandel-auswirkungen-einer-moeglichen-sgb-viii-reform-auf-kinder-jugendliche-und-familien\\\/#primaryimage\"},\"image\":{\"@id\":\"https:\\\/\\\/los-family.de\\\/fachleute\\\/2017\\\/10\\\/12\\\/fachdialog-das-sgb-viii-im-wandel-auswirkungen-einer-moeglichen-sgb-viii-reform-auf-kinder-jugendliche-und-familien\\\/#primaryimage\"},\"thumbnailUrl\":\"https:\\\/\\\/los-family.de\\\/fachleute\\\/wp-content\\\/uploads\\\/2017\\\/09\\\/Dr.-Berger-Gru\u00dfwort-Fachdialog-26.09.17.jpg\",\"datePublished\":\"2017-10-12T08:18:52+00:00\",\"dateModified\":\"2017-10-12T08:20:50+00:00\",\"author\":{\"@id\":\"https:\\\/\\\/los-family.de\\\/fachleute\\\/#\\\/schema\\\/person\\\/0255b3cfe6c238de92ef325d568514b1\"},\"breadcrumb\":{\"@id\":\"https:\\\/\\\/los-family.de\\\/fachleute\\\/2017\\\/10\\\/12\\\/fachdialog-das-sgb-viii-im-wandel-auswirkungen-einer-moeglichen-sgb-viii-reform-auf-kinder-jugendliche-und-familien\\\/#breadcrumb\"},\"inLanguage\":\"de\",\"potentialAction\":[{\"@type\":\"ReadAction\",\"target\":[\"https:\\\/\\\/los-family.de\\\/fachleute\\\/2017\\\/10\\\/12\\\/fachdialog-das-sgb-viii-im-wandel-auswirkungen-einer-moeglichen-sgb-viii-reform-auf-kinder-jugendliche-und-familien\\\/\"]}]},{\"@type\":\"ImageObject\",\"inLanguage\":\"de\",\"@id\":\"https:\\\/\\\/los-family.de\\\/fachleute\\\/2017\\\/10\\\/12\\\/fachdialog-das-sgb-viii-im-wandel-auswirkungen-einer-moeglichen-sgb-viii-reform-auf-kinder-jugendliche-und-familien\\\/#primaryimage\",\"url\":\"https:\\\/\\\/los-family.de\\\/fachleute\\\/wp-content\\\/uploads\\\/2017\\\/09\\\/Dr.-Berger-Gru\u00dfwort-Fachdialog-26.09.17.jpg\",\"contentUrl\":\"https:\\\/\\\/los-family.de\\\/fachleute\\\/wp-content\\\/uploads\\\/2017\\\/09\\\/Dr.-Berger-Gru\u00dfwort-Fachdialog-26.09.17.jpg\",\"width\":1000,\"height\":562},{\"@type\":\"BreadcrumbList\",\"@id\":\"https:\\\/\\\/los-family.de\\\/fachleute\\\/2017\\\/10\\\/12\\\/fachdialog-das-sgb-viii-im-wandel-auswirkungen-einer-moeglichen-sgb-viii-reform-auf-kinder-jugendliche-und-familien\\\/#breadcrumb\",\"itemListElement\":[{\"@type\":\"ListItem\",\"position\":1,\"name\":\"Startseite\",\"item\":\"https:\\\/\\\/los-family.de\\\/fachleute\\\/\"},{\"@type\":\"ListItem\",\"position\":2,\"name\":\"Fachdialog- &#8222;Das SGB VIII im Wandel &#8211; Auswirkungen einer m\u00f6glichen SGB VIII-Reform auf Kinder, Jugendliche und Familien&#8220;\"}]},{\"@type\":\"WebSite\",\"@id\":\"https:\\\/\\\/los-family.de\\\/fachleute\\\/#website\",\"url\":\"https:\\\/\\\/los-family.de\\\/fachleute\\\/\",\"name\":\"LOS-Family FACHLEUTE\",\"description\":\"Das Netzwerk f\u00fcr &quot;Fr\u00fche Hilfen&quot; im LOS\",\"potentialAction\":[{\"@type\":\"SearchAction\",\"target\":{\"@type\":\"EntryPoint\",\"urlTemplate\":\"https:\\\/\\\/los-family.de\\\/fachleute\\\/?s={search_term_string}\"},\"query-input\":{\"@type\":\"PropertyValueSpecification\",\"valueRequired\":true,\"valueName\":\"search_term_string\"}}],\"inLanguage\":\"de\"},{\"@type\":\"Person\",\"@id\":\"https:\\\/\\\/los-family.de\\\/fachleute\\\/#\\\/schema\\\/person\\\/0255b3cfe6c238de92ef325d568514b1\",\"name\":\"Jeanett Kleinert\",\"image\":{\"@type\":\"ImageObject\",\"inLanguage\":\"de\",\"@id\":\"https:\\\/\\\/secure.gravatar.com\\\/avatar\\\/f7567fae13271a640a8f6514d1dfd068eb81f963f6813013a3adb0944674b6ea?s=96&d=mm&r=g\",\"url\":\"https:\\\/\\\/secure.gravatar.com\\\/avatar\\\/f7567fae13271a640a8f6514d1dfd068eb81f963f6813013a3adb0944674b6ea?s=96&d=mm&r=g\",\"contentUrl\":\"https:\\\/\\\/secure.gravatar.com\\\/avatar\\\/f7567fae13271a640a8f6514d1dfd068eb81f963f6813013a3adb0944674b6ea?s=96&d=mm&r=g\",\"caption\":\"Jeanett Kleinert\"}}]}<\/script>\n<!-- \/ Yoast SEO plugin. -->","yoast_head_json":{"title":"Fachdialog- \"Das SGB VIII im Wandel - Auswirkungen einer m\u00f6glichen SGB VIII-Reform auf Kinder, Jugendliche und Familien\" &#8226; LOS-Family FACHLEUTE","robots":{"index":"index","follow":"follow","max-snippet":"max-snippet:-1","max-image-preview":"max-image-preview:large","max-video-preview":"max-video-preview:-1"},"canonical":"https:\/\/los-family.de\/fachleute\/2017\/10\/12\/fachdialog-das-sgb-viii-im-wandel-auswirkungen-einer-moeglichen-sgb-viii-reform-auf-kinder-jugendliche-und-familien\/","og_locale":"de_DE","og_type":"article","og_title":"Fachdialog- \"Das SGB VIII im Wandel - Auswirkungen einer m\u00f6glichen SGB VIII-Reform auf Kinder, Jugendliche und Familien\" &#8226; LOS-Family FACHLEUTE","og_description":"Am 26.09.2017 luden der Jugendhilfeausschuss und das Jugendamt des Landkreises Oder-Spree im Rahmen der Netzwerke &#8222;Fr\u00fche Hilfen&#8220; zu einem Dialogforum auf die Burg in Storkow ein. \u00dcber 100 Anmeldungen aus der kommunalen und \u00fcberregionalen Fach\u00f6ffentlichkeit und Fachpolitik zeigten ein breites Interesse an diesem Thema. Er\u00f6ffnet wurde der Fachdialog durch den Amtsleiter des Jugendamtes, Herrn Martin&hellip; Continue Reading Fachdialog- &#8222;Das SGB VIII im Wandel &#8211; Auswirkungen einer m\u00f6glichen SGB VIII-Reform auf Kinder, Jugendliche und Familien&#8220;","og_url":"https:\/\/los-family.de\/fachleute\/2017\/10\/12\/fachdialog-das-sgb-viii-im-wandel-auswirkungen-einer-moeglichen-sgb-viii-reform-auf-kinder-jugendliche-und-familien\/","og_site_name":"LOS-Family FACHLEUTE","article_published_time":"2017-10-12T08:18:52+00:00","article_modified_time":"2017-10-12T08:20:50+00:00","og_image":[{"width":1000,"height":562,"url":"https:\/\/los-family.de\/fachleute\/wp-content\/uploads\/2017\/09\/Dr.-Berger-Gru\u00dfwort-Fachdialog-26.09.17.jpg","type":"image\/jpeg"}],"author":"Jeanett Kleinert","twitter_card":"summary_large_image","twitter_misc":{"Verfasst von":"Jeanett Kleinert","Gesch\u00e4tzte Lesezeit":"3\u00a0Minuten"},"schema":{"@context":"https:\/\/schema.org","@graph":[{"@type":"Article","@id":"https:\/\/los-family.de\/fachleute\/2017\/10\/12\/fachdialog-das-sgb-viii-im-wandel-auswirkungen-einer-moeglichen-sgb-viii-reform-auf-kinder-jugendliche-und-familien\/#article","isPartOf":{"@id":"https:\/\/los-family.de\/fachleute\/2017\/10\/12\/fachdialog-das-sgb-viii-im-wandel-auswirkungen-einer-moeglichen-sgb-viii-reform-auf-kinder-jugendliche-und-familien\/"},"author":{"name":"Jeanett Kleinert","@id":"https:\/\/los-family.de\/fachleute\/#\/schema\/person\/0255b3cfe6c238de92ef325d568514b1"},"headline":"Fachdialog- &#8222;Das SGB VIII im Wandel &#8211; Auswirkungen einer m\u00f6glichen SGB VIII-Reform auf Kinder, Jugendliche und Familien&#8220;","datePublished":"2017-10-12T08:18:52+00:00","dateModified":"2017-10-12T08:20:50+00:00","mainEntityOfPage":{"@id":"https:\/\/los-family.de\/fachleute\/2017\/10\/12\/fachdialog-das-sgb-viii-im-wandel-auswirkungen-einer-moeglichen-sgb-viii-reform-auf-kinder-jugendliche-und-familien\/"},"wordCount":578,"commentCount":0,"image":{"@id":"https:\/\/los-family.de\/fachleute\/2017\/10\/12\/fachdialog-das-sgb-viii-im-wandel-auswirkungen-einer-moeglichen-sgb-viii-reform-auf-kinder-jugendliche-und-familien\/#primaryimage"},"thumbnailUrl":"https:\/\/los-family.de\/fachleute\/wp-content\/uploads\/2017\/09\/Dr.-Berger-Gru\u00dfwort-Fachdialog-26.09.17.jpg","inLanguage":"de","potentialAction":[{"@type":"CommentAction","name":"Comment","target":["https:\/\/los-family.de\/fachleute\/2017\/10\/12\/fachdialog-das-sgb-viii-im-wandel-auswirkungen-einer-moeglichen-sgb-viii-reform-auf-kinder-jugendliche-und-familien\/#respond"]}]},{"@type":"WebPage","@id":"https:\/\/los-family.de\/fachleute\/2017\/10\/12\/fachdialog-das-sgb-viii-im-wandel-auswirkungen-einer-moeglichen-sgb-viii-reform-auf-kinder-jugendliche-und-familien\/","url":"https:\/\/los-family.de\/fachleute\/2017\/10\/12\/fachdialog-das-sgb-viii-im-wandel-auswirkungen-einer-moeglichen-sgb-viii-reform-auf-kinder-jugendliche-und-familien\/","name":"Fachdialog- \"Das SGB VIII im Wandel - Auswirkungen einer m\u00f6glichen SGB VIII-Reform auf Kinder, Jugendliche und Familien\" &#8226; LOS-Family FACHLEUTE","isPartOf":{"@id":"https:\/\/los-family.de\/fachleute\/#website"},"primaryImageOfPage":{"@id":"https:\/\/los-family.de\/fachleute\/2017\/10\/12\/fachdialog-das-sgb-viii-im-wandel-auswirkungen-einer-moeglichen-sgb-viii-reform-auf-kinder-jugendliche-und-familien\/#primaryimage"},"image":{"@id":"https:\/\/los-family.de\/fachleute\/2017\/10\/12\/fachdialog-das-sgb-viii-im-wandel-auswirkungen-einer-moeglichen-sgb-viii-reform-auf-kinder-jugendliche-und-familien\/#primaryimage"},"thumbnailUrl":"https:\/\/los-family.de\/fachleute\/wp-content\/uploads\/2017\/09\/Dr.-Berger-Gru\u00dfwort-Fachdialog-26.09.17.jpg","datePublished":"2017-10-12T08:18:52+00:00","dateModified":"2017-10-12T08:20:50+00:00","author":{"@id":"https:\/\/los-family.de\/fachleute\/#\/schema\/person\/0255b3cfe6c238de92ef325d568514b1"},"breadcrumb":{"@id":"https:\/\/los-family.de\/fachleute\/2017\/10\/12\/fachdialog-das-sgb-viii-im-wandel-auswirkungen-einer-moeglichen-sgb-viii-reform-auf-kinder-jugendliche-und-familien\/#breadcrumb"},"inLanguage":"de","potentialAction":[{"@type":"ReadAction","target":["https:\/\/los-family.de\/fachleute\/2017\/10\/12\/fachdialog-das-sgb-viii-im-wandel-auswirkungen-einer-moeglichen-sgb-viii-reform-auf-kinder-jugendliche-und-familien\/"]}]},{"@type":"ImageObject","inLanguage":"de","@id":"https:\/\/los-family.de\/fachleute\/2017\/10\/12\/fachdialog-das-sgb-viii-im-wandel-auswirkungen-einer-moeglichen-sgb-viii-reform-auf-kinder-jugendliche-und-familien\/#primaryimage","url":"https:\/\/los-family.de\/fachleute\/wp-content\/uploads\/2017\/09\/Dr.-Berger-Gru\u00dfwort-Fachdialog-26.09.17.jpg","contentUrl":"https:\/\/los-family.de\/fachleute\/wp-content\/uploads\/2017\/09\/Dr.-Berger-Gru\u00dfwort-Fachdialog-26.09.17.jpg","width":1000,"height":562},{"@type":"BreadcrumbList","@id":"https:\/\/los-family.de\/fachleute\/2017\/10\/12\/fachdialog-das-sgb-viii-im-wandel-auswirkungen-einer-moeglichen-sgb-viii-reform-auf-kinder-jugendliche-und-familien\/#breadcrumb","itemListElement":[{"@type":"ListItem","position":1,"name":"Startseite","item":"https:\/\/los-family.de\/fachleute\/"},{"@type":"ListItem","position":2,"name":"Fachdialog- &#8222;Das SGB VIII im Wandel &#8211; Auswirkungen einer m\u00f6glichen SGB VIII-Reform auf Kinder, Jugendliche und Familien&#8220;"}]},{"@type":"WebSite","@id":"https:\/\/los-family.de\/fachleute\/#website","url":"https:\/\/los-family.de\/fachleute\/","name":"LOS-Family FACHLEUTE","description":"Das Netzwerk f\u00fcr &quot;Fr\u00fche Hilfen&quot; im LOS","potentialAction":[{"@type":"SearchAction","target":{"@type":"EntryPoint","urlTemplate":"https:\/\/los-family.de\/fachleute\/?s={search_term_string}"},"query-input":{"@type":"PropertyValueSpecification","valueRequired":true,"valueName":"search_term_string"}}],"inLanguage":"de"},{"@type":"Person","@id":"https:\/\/los-family.de\/fachleute\/#\/schema\/person\/0255b3cfe6c238de92ef325d568514b1","name":"Jeanett Kleinert","image":{"@type":"ImageObject","inLanguage":"de","@id":"https:\/\/secure.gravatar.com\/avatar\/f7567fae13271a640a8f6514d1dfd068eb81f963f6813013a3adb0944674b6ea?s=96&d=mm&r=g","url":"https:\/\/secure.gravatar.com\/avatar\/f7567fae13271a640a8f6514d1dfd068eb81f963f6813013a3adb0944674b6ea?s=96&d=mm&r=g","contentUrl":"https:\/\/secure.gravatar.com\/avatar\/f7567fae13271a640a8f6514d1dfd068eb81f963f6813013a3adb0944674b6ea?s=96&d=mm&r=g","caption":"Jeanett Kleinert"}}]}},"_links":{"self":[{"href":"https:\/\/los-family.de\/fachleute\/wp-json\/wp\/v2\/posts\/1256","targetHints":{"allow":["GET"]}}],"collection":[{"href":"https:\/\/los-family.de\/fachleute\/wp-json\/wp\/v2\/posts"}],"about":[{"href":"https:\/\/los-family.de\/fachleute\/wp-json\/wp\/v2\/types\/post"}],"author":[{"embeddable":true,"href":"https:\/\/los-family.de\/fachleute\/wp-json\/wp\/v2\/users\/2"}],"replies":[{"embeddable":true,"href":"https:\/\/los-family.de\/fachleute\/wp-json\/wp\/v2\/comments?post=1256"}],"version-history":[{"count":5,"href":"https:\/\/los-family.de\/fachleute\/wp-json\/wp\/v2\/posts\/1256\/revisions"}],"predecessor-version":[{"id":1283,"href":"https:\/\/los-family.de\/fachleute\/wp-json\/wp\/v2\/posts\/1256\/revisions\/1283"}],"wp:featuredmedia":[{"embeddable":true,"href":"https:\/\/los-family.de\/fachleute\/wp-json\/wp\/v2\/media\/1267"}],"wp:attachment":[{"href":"https:\/\/los-family.de\/fachleute\/wp-json\/wp\/v2\/media?parent=1256"}],"wp:term":[{"taxonomy":"category","embeddable":true,"href":"https:\/\/los-family.de\/fachleute\/wp-json\/wp\/v2\/categories?post=1256"},{"taxonomy":"post_tag","embeddable":true,"href":"https:\/\/los-family.de\/fachleute\/wp-json\/wp\/v2\/tags?post=1256"}],"curies":[{"name":"wp","href":"https:\/\/api.w.org\/{rel}","templated":true}]}}