{"id":1003,"date":"2017-06-13T15:47:26","date_gmt":"2017-06-13T13:47:26","guid":{"rendered":"https:\/\/los-family.de\/fachleute\/?p=1003"},"modified":"2017-06-13T15:47:26","modified_gmt":"2017-06-13T13:47:26","slug":"netzwerkkonferenz-netzwerk-fruehe-hilfen-gesunde-kinder-und-kinderschutz","status":"publish","type":"post","link":"https:\/\/los-family.de\/fachleute\/2017\/06\/13\/netzwerkkonferenz-netzwerk-fruehe-hilfen-gesunde-kinder-und-kinderschutz\/","title":{"rendered":"Netzwerkkonferenz &#8211; Netzwerk Fr\u00fche Hilfen, Gesunde Kinder und Kinderschutz"},"content":{"rendered":"<p>Am 23.11.2016 fand die Netzwerkkonferenz des Netzwerkes Fr\u00fche Hilfen, Gesunde Kinder und Kinderschutz im Landkreis Oder Spree in Beeskow im Spreepark statt. Ca. 70 Fachkr\u00e4fte der Fr\u00fchen Hilfen, des Netzwerkes Gesunde Kinder und des Kinderschutzes, unter Ihnen Vertreter aus vielen Kindertagesst\u00e4tten, der Polizei, dem Gesundheitswesen und der Jugendhilfe folgten der Einladung des Jugendamtes des Landkreises.<\/p>\n<p>In seiner Er\u00f6ffnungsrede machte Martin Isermeyer, Amtsleiter des Jugendamtes, deutlich, wie wichtig famili\u00e4re Lebenswelten f\u00fcr die gesunde Entwicklung der Kinder sind.<\/p>\n<p>&#8222;Auf die ersten Jahre kommt es an&#8220;, sagte Martin Isermeyer, Leiter des Jugendamtes, zur Begr\u00fc\u00dfung. Aus diesem Grund habe man den Schwerpunkt der Konferenz nicht auf den reaktiven sondern den vorsorglichen Kinderschutz gelegt, erkl\u00e4rte er. Und er betonte zudem den Netzwerkcharakter der Veranstaltung: &#8222;Wenn es um den Einzelfall geht, sollten alle Akteure \u00fcber Befugnisse und Kompetenzen anderer Bescheid wissen.&#8220; (MOZ vom 24.11.2016)<\/p>\n<p>F\u00fcr die Mehrheit der Kinder und Jugendlichen in Deutschland ist die Familie nach wie vor der zentrale Ort des Aufwachsens und deren prim\u00e4re soziale Umwelt. Familienstrukturen und Lebensformen haben sich allerdings in den letzten Jahren ge\u00e4ndert. Die klassische Kleinfamilie, in der biologische und soziale Elternschaft zusammenfallen, kann nicht mehr ohne weiteres als Norm betrachtet werden. Zunehmend treten andere Familienformen auf, wie auf Dauer angelegte nichteheliche Lebensgemeinschaften mit Kindern, Einelternfamilien und Stieffamilien. Gleichzeitig verlagern sich Erziehungs- und Sozialisationsleistungen immer schneller aus dem Bereich der Familie heraus: Mit dem Besuch einer Betreuungseinrichtung \u00fcbernehmen auch au\u00dferfamili\u00e4re Bezugspersonen wichtige Aufgaben. Auch die Nutzung der <span style=\"color: #000000;\"><a style=\"color: #000000;\" href=\"http:\/\/www.kindergesundheit-info.de\/fuer-fachkraefte\/hintergruende-grundlagen\/daten-und-fakten\/freizeit-und-medien\/\">Medien<\/a> <\/span>hat deutlich an Einfluss gewonnen.<\/p>\n<p>Entscheidend f\u00fcr eine gesunde Entwicklung sind in hohem Ma\u00dfe auch die \u00e4u\u00dferen Rahmenbedingungen und damit verbunden die Chancen, die Kinder und ihre Familien erhalten, an guten Bildungs- und Gesundheitsangeboten teilhaben zu k\u00f6nnen. So ist inzwischen eindeutig belegt, dass zum Beispiel Einkommensarmut, niedriges Bildungsniveau der Eltern, famili\u00e4rer Migrationshintergrund sowie das Aufwachsen in einem Alleinerziehenden-Haushalt &#8222;klassische&#8220; strukturelle Risikofaktoren f\u00fcr eine gesunde Entwicklung von Kindern darstellen.(Quelle: https:\/\/www.kindergesundheit-info.de\/fuer-fachkraefte\/hintergruende-grundlagen\/daten-und-fakten\/familienleben-lebenswelten\/)<\/p>\n<p>Die Bedeutung, die familienfreundliche Rahmenbedingungen, kindgerechte Lebenswelten und professionelle Erziehungs- und Bildungseinrichtungen f\u00fcr die gesunde Entwicklung von Kindern haben ist gestiegen.<\/p>\n<p>Hier finden Sie den <a href=\"https:\/\/los-family.de\/fachleute\/wp-content\/uploads\/2017\/06\/Programmflyer_Netzwerkkonferenz-2016.pdf\">Programmflyer<\/a><\/p>\n<p>Nach einem Einf\u00fchrungsvortrag &#8211; der Vorstellung des Brandenburger Leitfadens zur Fr\u00fcherkennung von Gewalt an Kindern und Jugendlichen, konnten sich die Teilnehmer in anschlie\u00dfenden Workshops mit den spannenden Themen auseinandersetzen.<\/p>\n<p>Vortrag der Fachstelle Kinderschutz: [wp-svg-icons icon=&#8220;download&#8220; wrap=&#8220;i&#8220;] <a href=\"https:\/\/los-family.de\/fachleute\/wp-content\/uploads\/2017\/06\/Gewaltleitfaden-Vortrag-LOS.ppt\">Gewaltleitfaden-Vortrag LOS<\/a><\/p>\n<p>Im abschliessenden Plenum wurden die Ergebnisse der Workshops zusammengetragen:<\/p>\n<p><a href=\"https:\/\/los-family.de\/fachleute\/wp-content\/uploads\/2017\/06\/IMG_1160.jpg\"><img loading=\"lazy\" decoding=\"async\" class=\"alignnone size-full wp-image-1009\" src=\"https:\/\/los-family.de\/fachleute\/wp-content\/uploads\/2017\/06\/IMG_1160.jpg\" alt=\"\" width=\"1920\" height=\"1080\" srcset=\"https:\/\/los-family.de\/fachleute\/wp-content\/uploads\/2017\/06\/IMG_1160.jpg 1920w, https:\/\/los-family.de\/fachleute\/wp-content\/uploads\/2017\/06\/IMG_1160-300x169.jpg 300w, https:\/\/los-family.de\/fachleute\/wp-content\/uploads\/2017\/06\/IMG_1160-768x432.jpg 768w, https:\/\/los-family.de\/fachleute\/wp-content\/uploads\/2017\/06\/IMG_1160-1024x576.jpg 1024w, https:\/\/los-family.de\/fachleute\/wp-content\/uploads\/2017\/06\/IMG_1160-747x420.jpg 747w, https:\/\/los-family.de\/fachleute\/wp-content\/uploads\/2017\/06\/IMG_1160-640x360.jpg 640w, https:\/\/los-family.de\/fachleute\/wp-content\/uploads\/2017\/06\/IMG_1160-681x383.jpg 681w\" sizes=\"auto, (max-width: 1920px) 100vw, 1920px\" \/><\/a><a href=\"https:\/\/los-family.de\/fachleute\/wp-content\/uploads\/2017\/06\/IMG_1161.jpg\"><img loading=\"lazy\" decoding=\"async\" class=\"alignnone size-full wp-image-1010\" src=\"https:\/\/los-family.de\/fachleute\/wp-content\/uploads\/2017\/06\/IMG_1161.jpg\" alt=\"\" width=\"1920\" height=\"1080\" srcset=\"https:\/\/los-family.de\/fachleute\/wp-content\/uploads\/2017\/06\/IMG_1161.jpg 1920w, https:\/\/los-family.de\/fachleute\/wp-content\/uploads\/2017\/06\/IMG_1161-300x169.jpg 300w, https:\/\/los-family.de\/fachleute\/wp-content\/uploads\/2017\/06\/IMG_1161-768x432.jpg 768w, https:\/\/los-family.de\/fachleute\/wp-content\/uploads\/2017\/06\/IMG_1161-1024x576.jpg 1024w, https:\/\/los-family.de\/fachleute\/wp-content\/uploads\/2017\/06\/IMG_1161-747x420.jpg 747w, https:\/\/los-family.de\/fachleute\/wp-content\/uploads\/2017\/06\/IMG_1161-640x360.jpg 640w, https:\/\/los-family.de\/fachleute\/wp-content\/uploads\/2017\/06\/IMG_1161-681x383.jpg 681w\" sizes=\"auto, (max-width: 1920px) 100vw, 1920px\" \/><\/a><a href=\"https:\/\/los-family.de\/fachleute\/wp-content\/uploads\/2017\/06\/IMG_1162.jpg\"><img loading=\"lazy\" decoding=\"async\" class=\"alignnone size-full wp-image-1011\" src=\"https:\/\/los-family.de\/fachleute\/wp-content\/uploads\/2017\/06\/IMG_1162.jpg\" alt=\"\" width=\"1920\" height=\"1080\" srcset=\"https:\/\/los-family.de\/fachleute\/wp-content\/uploads\/2017\/06\/IMG_1162.jpg 1920w, https:\/\/los-family.de\/fachleute\/wp-content\/uploads\/2017\/06\/IMG_1162-300x169.jpg 300w, https:\/\/los-family.de\/fachleute\/wp-content\/uploads\/2017\/06\/IMG_1162-768x432.jpg 768w, https:\/\/los-family.de\/fachleute\/wp-content\/uploads\/2017\/06\/IMG_1162-1024x576.jpg 1024w, https:\/\/los-family.de\/fachleute\/wp-content\/uploads\/2017\/06\/IMG_1162-747x420.jpg 747w, https:\/\/los-family.de\/fachleute\/wp-content\/uploads\/2017\/06\/IMG_1162-640x360.jpg 640w, https:\/\/los-family.de\/fachleute\/wp-content\/uploads\/2017\/06\/IMG_1162-681x383.jpg 681w\" sizes=\"auto, (max-width: 1920px) 100vw, 1920px\" \/><\/a><a href=\"https:\/\/los-family.de\/fachleute\/wp-content\/uploads\/2017\/06\/IMG_1156.jpg\"><img loading=\"lazy\" decoding=\"async\" class=\"alignnone size-full wp-image-1013\" src=\"https:\/\/los-family.de\/fachleute\/wp-content\/uploads\/2017\/06\/IMG_1156.jpg\" alt=\"\" width=\"1080\" height=\"1920\" srcset=\"https:\/\/los-family.de\/fachleute\/wp-content\/uploads\/2017\/06\/IMG_1156.jpg 1080w, https:\/\/los-family.de\/fachleute\/wp-content\/uploads\/2017\/06\/IMG_1156-169x300.jpg 169w, https:\/\/los-family.de\/fachleute\/wp-content\/uploads\/2017\/06\/IMG_1156-768x1365.jpg 768w, https:\/\/los-family.de\/fachleute\/wp-content\/uploads\/2017\/06\/IMG_1156-576x1024.jpg 576w, https:\/\/los-family.de\/fachleute\/wp-content\/uploads\/2017\/06\/IMG_1156-236x420.jpg 236w, https:\/\/los-family.de\/fachleute\/wp-content\/uploads\/2017\/06\/IMG_1156-640x1138.jpg 640w, https:\/\/los-family.de\/fachleute\/wp-content\/uploads\/2017\/06\/IMG_1156-681x1211.jpg 681w\" sizes=\"auto, (max-width: 1080px) 100vw, 1080px\" \/><\/a><a href=\"https:\/\/los-family.de\/fachleute\/wp-content\/uploads\/2017\/06\/IMG_1158.jpg\"><img loading=\"lazy\" decoding=\"async\" class=\"alignnone size-full wp-image-1014\" src=\"https:\/\/los-family.de\/fachleute\/wp-content\/uploads\/2017\/06\/IMG_1158.jpg\" alt=\"\" width=\"1080\" height=\"1920\" srcset=\"https:\/\/los-family.de\/fachleute\/wp-content\/uploads\/2017\/06\/IMG_1158.jpg 1080w, https:\/\/los-family.de\/fachleute\/wp-content\/uploads\/2017\/06\/IMG_1158-169x300.jpg 169w, https:\/\/los-family.de\/fachleute\/wp-content\/uploads\/2017\/06\/IMG_1158-768x1365.jpg 768w, https:\/\/los-family.de\/fachleute\/wp-content\/uploads\/2017\/06\/IMG_1158-576x1024.jpg 576w, https:\/\/los-family.de\/fachleute\/wp-content\/uploads\/2017\/06\/IMG_1158-236x420.jpg 236w, https:\/\/los-family.de\/fachleute\/wp-content\/uploads\/2017\/06\/IMG_1158-640x1138.jpg 640w, https:\/\/los-family.de\/fachleute\/wp-content\/uploads\/2017\/06\/IMG_1158-681x1211.jpg 681w\" sizes=\"auto, (max-width: 1080px) 100vw, 1080px\" \/><\/a><a href=\"https:\/\/los-family.de\/fachleute\/wp-content\/uploads\/2017\/06\/IMG_1157.jpg\"><img loading=\"lazy\" decoding=\"async\" class=\"alignnone size-full wp-image-1015\" src=\"https:\/\/los-family.de\/fachleute\/wp-content\/uploads\/2017\/06\/IMG_1157.jpg\" alt=\"\" width=\"1080\" height=\"1920\" srcset=\"https:\/\/los-family.de\/fachleute\/wp-content\/uploads\/2017\/06\/IMG_1157.jpg 1080w, https:\/\/los-family.de\/fachleute\/wp-content\/uploads\/2017\/06\/IMG_1157-169x300.jpg 169w, https:\/\/los-family.de\/fachleute\/wp-content\/uploads\/2017\/06\/IMG_1157-768x1365.jpg 768w, https:\/\/los-family.de\/fachleute\/wp-content\/uploads\/2017\/06\/IMG_1157-576x1024.jpg 576w, https:\/\/los-family.de\/fachleute\/wp-content\/uploads\/2017\/06\/IMG_1157-236x420.jpg 236w, https:\/\/los-family.de\/fachleute\/wp-content\/uploads\/2017\/06\/IMG_1157-640x1138.jpg 640w, https:\/\/los-family.de\/fachleute\/wp-content\/uploads\/2017\/06\/IMG_1157-681x1211.jpg 681w\" sizes=\"auto, (max-width: 1080px) 100vw, 1080px\" \/><\/a><\/p>\n","protected":false},"excerpt":{"rendered":"<p>Am 23.11.2016 fand die Netzwerkkonferenz des Netzwerkes Fr\u00fche Hilfen, Gesunde Kinder und Kinderschutz im Landkreis Oder Spree in Beeskow im Spreepark statt. Ca. 70 Fachkr\u00e4fte der Fr\u00fchen Hilfen, des Netzwerkes Gesunde Kinder und des Kinderschutzes, unter Ihnen Vertreter aus vielen Kindertagesst\u00e4tten, der Polizei, dem Gesundheitswesen und der Jugendhilfe folgten der Einladung des Jugendamtes des Landkreises.&hellip; <a class=\"continue\" href=\"https:\/\/los-family.de\/fachleute\/2017\/06\/13\/netzwerkkonferenz-netzwerk-fruehe-hilfen-gesunde-kinder-und-kinderschutz\/\">Continue Reading<span> Netzwerkkonferenz &#8211; Netzwerk Fr\u00fche Hilfen, Gesunde Kinder und Kinderschutz<\/span><\/a><\/p>\n","protected":false},"author":2,"featured_media":1001,"comment_status":"open","ping_status":"open","sticky":false,"template":"","format":"standard","meta":{"footnotes":""},"categories":[44],"tags":[],"class_list":["post-1003","post","type-post","status-publish","format-standard","has-post-thumbnail","hentry","category-fachtage"],"yoast_head":"<!-- This site is optimized with the Yoast SEO plugin v27.5 - https:\/\/yoast.com\/product\/yoast-seo-wordpress\/ -->\n<title>Netzwerkkonferenz - Netzwerk Fr\u00fche Hilfen, Gesunde Kinder und Kinderschutz &#8226; LOS-Family FACHLEUTE<\/title>\n<meta name=\"robots\" content=\"index, follow, max-snippet:-1, max-image-preview:large, max-video-preview:-1\" \/>\n<link rel=\"canonical\" href=\"https:\/\/los-family.de\/fachleute\/2017\/06\/13\/netzwerkkonferenz-netzwerk-fruehe-hilfen-gesunde-kinder-und-kinderschutz\/\" \/>\n<meta property=\"og:locale\" content=\"de_DE\" \/>\n<meta property=\"og:type\" content=\"article\" \/>\n<meta property=\"og:title\" content=\"Netzwerkkonferenz - Netzwerk Fr\u00fche Hilfen, Gesunde Kinder und Kinderschutz &#8226; LOS-Family FACHLEUTE\" \/>\n<meta property=\"og:description\" content=\"Am 23.11.2016 fand die Netzwerkkonferenz des Netzwerkes Fr\u00fche Hilfen, Gesunde Kinder und Kinderschutz im Landkreis Oder Spree in Beeskow im Spreepark statt. Ca. 70 Fachkr\u00e4fte der Fr\u00fchen Hilfen, des Netzwerkes Gesunde Kinder und des Kinderschutzes, unter Ihnen Vertreter aus vielen Kindertagesst\u00e4tten, der Polizei, dem Gesundheitswesen und der Jugendhilfe folgten der Einladung des Jugendamtes des Landkreises.&hellip; Continue Reading Netzwerkkonferenz &#8211; Netzwerk Fr\u00fche Hilfen, Gesunde Kinder und Kinderschutz\" \/>\n<meta property=\"og:url\" content=\"https:\/\/los-family.de\/fachleute\/2017\/06\/13\/netzwerkkonferenz-netzwerk-fruehe-hilfen-gesunde-kinder-und-kinderschutz\/\" \/>\n<meta property=\"og:site_name\" content=\"LOS-Family FACHLEUTE\" \/>\n<meta property=\"article:published_time\" content=\"2017-06-13T13:47:26+00:00\" \/>\n<meta property=\"og:image\" content=\"https:\/\/los-family.de\/fachleute\/wp-content\/uploads\/2017\/06\/IMG_1096.jpg\" \/>\n\t<meta property=\"og:image:width\" content=\"1920\" \/>\n\t<meta property=\"og:image:height\" content=\"1080\" \/>\n\t<meta property=\"og:image:type\" content=\"image\/jpeg\" \/>\n<meta name=\"author\" content=\"Jeanett Kleinert\" \/>\n<meta name=\"twitter:card\" content=\"summary_large_image\" \/>\n<meta name=\"twitter:label1\" content=\"Verfasst von\" \/>\n\t<meta name=\"twitter:data1\" content=\"Jeanett Kleinert\" \/>\n\t<meta name=\"twitter:label2\" content=\"Gesch\u00e4tzte Lesezeit\" \/>\n\t<meta name=\"twitter:data2\" content=\"2\u00a0Minuten\" \/>\n<script type=\"application\/ld+json\" class=\"yoast-schema-graph\">{\"@context\":\"https:\\\/\\\/schema.org\",\"@graph\":[{\"@type\":\"Article\",\"@id\":\"https:\\\/\\\/los-family.de\\\/fachleute\\\/2017\\\/06\\\/13\\\/netzwerkkonferenz-netzwerk-fruehe-hilfen-gesunde-kinder-und-kinderschutz\\\/#article\",\"isPartOf\":{\"@id\":\"https:\\\/\\\/los-family.de\\\/fachleute\\\/2017\\\/06\\\/13\\\/netzwerkkonferenz-netzwerk-fruehe-hilfen-gesunde-kinder-und-kinderschutz\\\/\"},\"author\":{\"name\":\"Jeanett Kleinert\",\"@id\":\"https:\\\/\\\/los-family.de\\\/fachleute\\\/#\\\/schema\\\/person\\\/0255b3cfe6c238de92ef325d568514b1\"},\"headline\":\"Netzwerkkonferenz &#8211; Netzwerk Fr\u00fche Hilfen, Gesunde Kinder und Kinderschutz\",\"datePublished\":\"2017-06-13T13:47:26+00:00\",\"mainEntityOfPage\":{\"@id\":\"https:\\\/\\\/los-family.de\\\/fachleute\\\/2017\\\/06\\\/13\\\/netzwerkkonferenz-netzwerk-fruehe-hilfen-gesunde-kinder-und-kinderschutz\\\/\"},\"wordCount\":422,\"commentCount\":0,\"image\":{\"@id\":\"https:\\\/\\\/los-family.de\\\/fachleute\\\/2017\\\/06\\\/13\\\/netzwerkkonferenz-netzwerk-fruehe-hilfen-gesunde-kinder-und-kinderschutz\\\/#primaryimage\"},\"thumbnailUrl\":\"https:\\\/\\\/los-family.de\\\/fachleute\\\/wp-content\\\/uploads\\\/2017\\\/06\\\/IMG_1096.jpg\",\"articleSection\":[\"Fachtage\"],\"inLanguage\":\"de\",\"potentialAction\":[{\"@type\":\"CommentAction\",\"name\":\"Comment\",\"target\":[\"https:\\\/\\\/los-family.de\\\/fachleute\\\/2017\\\/06\\\/13\\\/netzwerkkonferenz-netzwerk-fruehe-hilfen-gesunde-kinder-und-kinderschutz\\\/#respond\"]}]},{\"@type\":\"WebPage\",\"@id\":\"https:\\\/\\\/los-family.de\\\/fachleute\\\/2017\\\/06\\\/13\\\/netzwerkkonferenz-netzwerk-fruehe-hilfen-gesunde-kinder-und-kinderschutz\\\/\",\"url\":\"https:\\\/\\\/los-family.de\\\/fachleute\\\/2017\\\/06\\\/13\\\/netzwerkkonferenz-netzwerk-fruehe-hilfen-gesunde-kinder-und-kinderschutz\\\/\",\"name\":\"Netzwerkkonferenz - Netzwerk Fr\u00fche Hilfen, Gesunde Kinder und Kinderschutz &#8226; LOS-Family FACHLEUTE\",\"isPartOf\":{\"@id\":\"https:\\\/\\\/los-family.de\\\/fachleute\\\/#website\"},\"primaryImageOfPage\":{\"@id\":\"https:\\\/\\\/los-family.de\\\/fachleute\\\/2017\\\/06\\\/13\\\/netzwerkkonferenz-netzwerk-fruehe-hilfen-gesunde-kinder-und-kinderschutz\\\/#primaryimage\"},\"image\":{\"@id\":\"https:\\\/\\\/los-family.de\\\/fachleute\\\/2017\\\/06\\\/13\\\/netzwerkkonferenz-netzwerk-fruehe-hilfen-gesunde-kinder-und-kinderschutz\\\/#primaryimage\"},\"thumbnailUrl\":\"https:\\\/\\\/los-family.de\\\/fachleute\\\/wp-content\\\/uploads\\\/2017\\\/06\\\/IMG_1096.jpg\",\"datePublished\":\"2017-06-13T13:47:26+00:00\",\"author\":{\"@id\":\"https:\\\/\\\/los-family.de\\\/fachleute\\\/#\\\/schema\\\/person\\\/0255b3cfe6c238de92ef325d568514b1\"},\"breadcrumb\":{\"@id\":\"https:\\\/\\\/los-family.de\\\/fachleute\\\/2017\\\/06\\\/13\\\/netzwerkkonferenz-netzwerk-fruehe-hilfen-gesunde-kinder-und-kinderschutz\\\/#breadcrumb\"},\"inLanguage\":\"de\",\"potentialAction\":[{\"@type\":\"ReadAction\",\"target\":[\"https:\\\/\\\/los-family.de\\\/fachleute\\\/2017\\\/06\\\/13\\\/netzwerkkonferenz-netzwerk-fruehe-hilfen-gesunde-kinder-und-kinderschutz\\\/\"]}]},{\"@type\":\"ImageObject\",\"inLanguage\":\"de\",\"@id\":\"https:\\\/\\\/los-family.de\\\/fachleute\\\/2017\\\/06\\\/13\\\/netzwerkkonferenz-netzwerk-fruehe-hilfen-gesunde-kinder-und-kinderschutz\\\/#primaryimage\",\"url\":\"https:\\\/\\\/los-family.de\\\/fachleute\\\/wp-content\\\/uploads\\\/2017\\\/06\\\/IMG_1096.jpg\",\"contentUrl\":\"https:\\\/\\\/los-family.de\\\/fachleute\\\/wp-content\\\/uploads\\\/2017\\\/06\\\/IMG_1096.jpg\",\"width\":1920,\"height\":1080},{\"@type\":\"BreadcrumbList\",\"@id\":\"https:\\\/\\\/los-family.de\\\/fachleute\\\/2017\\\/06\\\/13\\\/netzwerkkonferenz-netzwerk-fruehe-hilfen-gesunde-kinder-und-kinderschutz\\\/#breadcrumb\",\"itemListElement\":[{\"@type\":\"ListItem\",\"position\":1,\"name\":\"Startseite\",\"item\":\"https:\\\/\\\/los-family.de\\\/fachleute\\\/\"},{\"@type\":\"ListItem\",\"position\":2,\"name\":\"Netzwerkkonferenz &#8211; Netzwerk Fr\u00fche Hilfen, Gesunde Kinder und Kinderschutz\"}]},{\"@type\":\"WebSite\",\"@id\":\"https:\\\/\\\/los-family.de\\\/fachleute\\\/#website\",\"url\":\"https:\\\/\\\/los-family.de\\\/fachleute\\\/\",\"name\":\"LOS-Family FACHLEUTE\",\"description\":\"Das Netzwerk f\u00fcr &quot;Fr\u00fche Hilfen&quot; im LOS\",\"potentialAction\":[{\"@type\":\"SearchAction\",\"target\":{\"@type\":\"EntryPoint\",\"urlTemplate\":\"https:\\\/\\\/los-family.de\\\/fachleute\\\/?s={search_term_string}\"},\"query-input\":{\"@type\":\"PropertyValueSpecification\",\"valueRequired\":true,\"valueName\":\"search_term_string\"}}],\"inLanguage\":\"de\"},{\"@type\":\"Person\",\"@id\":\"https:\\\/\\\/los-family.de\\\/fachleute\\\/#\\\/schema\\\/person\\\/0255b3cfe6c238de92ef325d568514b1\",\"name\":\"Jeanett Kleinert\",\"image\":{\"@type\":\"ImageObject\",\"inLanguage\":\"de\",\"@id\":\"https:\\\/\\\/secure.gravatar.com\\\/avatar\\\/f7567fae13271a640a8f6514d1dfd068eb81f963f6813013a3adb0944674b6ea?s=96&d=mm&r=g\",\"url\":\"https:\\\/\\\/secure.gravatar.com\\\/avatar\\\/f7567fae13271a640a8f6514d1dfd068eb81f963f6813013a3adb0944674b6ea?s=96&d=mm&r=g\",\"contentUrl\":\"https:\\\/\\\/secure.gravatar.com\\\/avatar\\\/f7567fae13271a640a8f6514d1dfd068eb81f963f6813013a3adb0944674b6ea?s=96&d=mm&r=g\",\"caption\":\"Jeanett Kleinert\"}}]}<\/script>\n<!-- \/ Yoast SEO plugin. -->","yoast_head_json":{"title":"Netzwerkkonferenz - Netzwerk Fr\u00fche Hilfen, Gesunde Kinder und Kinderschutz &#8226; LOS-Family FACHLEUTE","robots":{"index":"index","follow":"follow","max-snippet":"max-snippet:-1","max-image-preview":"max-image-preview:large","max-video-preview":"max-video-preview:-1"},"canonical":"https:\/\/los-family.de\/fachleute\/2017\/06\/13\/netzwerkkonferenz-netzwerk-fruehe-hilfen-gesunde-kinder-und-kinderschutz\/","og_locale":"de_DE","og_type":"article","og_title":"Netzwerkkonferenz - Netzwerk Fr\u00fche Hilfen, Gesunde Kinder und Kinderschutz &#8226; LOS-Family FACHLEUTE","og_description":"Am 23.11.2016 fand die Netzwerkkonferenz des Netzwerkes Fr\u00fche Hilfen, Gesunde Kinder und Kinderschutz im Landkreis Oder Spree in Beeskow im Spreepark statt. Ca. 70 Fachkr\u00e4fte der Fr\u00fchen Hilfen, des Netzwerkes Gesunde Kinder und des Kinderschutzes, unter Ihnen Vertreter aus vielen Kindertagesst\u00e4tten, der Polizei, dem Gesundheitswesen und der Jugendhilfe folgten der Einladung des Jugendamtes des Landkreises.&hellip; Continue Reading Netzwerkkonferenz &#8211; Netzwerk Fr\u00fche Hilfen, Gesunde Kinder und Kinderschutz","og_url":"https:\/\/los-family.de\/fachleute\/2017\/06\/13\/netzwerkkonferenz-netzwerk-fruehe-hilfen-gesunde-kinder-und-kinderschutz\/","og_site_name":"LOS-Family FACHLEUTE","article_published_time":"2017-06-13T13:47:26+00:00","og_image":[{"width":1920,"height":1080,"url":"https:\/\/los-family.de\/fachleute\/wp-content\/uploads\/2017\/06\/IMG_1096.jpg","type":"image\/jpeg"}],"author":"Jeanett Kleinert","twitter_card":"summary_large_image","twitter_misc":{"Verfasst von":"Jeanett Kleinert","Gesch\u00e4tzte Lesezeit":"2\u00a0Minuten"},"schema":{"@context":"https:\/\/schema.org","@graph":[{"@type":"Article","@id":"https:\/\/los-family.de\/fachleute\/2017\/06\/13\/netzwerkkonferenz-netzwerk-fruehe-hilfen-gesunde-kinder-und-kinderschutz\/#article","isPartOf":{"@id":"https:\/\/los-family.de\/fachleute\/2017\/06\/13\/netzwerkkonferenz-netzwerk-fruehe-hilfen-gesunde-kinder-und-kinderschutz\/"},"author":{"name":"Jeanett Kleinert","@id":"https:\/\/los-family.de\/fachleute\/#\/schema\/person\/0255b3cfe6c238de92ef325d568514b1"},"headline":"Netzwerkkonferenz &#8211; Netzwerk Fr\u00fche Hilfen, Gesunde Kinder und Kinderschutz","datePublished":"2017-06-13T13:47:26+00:00","mainEntityOfPage":{"@id":"https:\/\/los-family.de\/fachleute\/2017\/06\/13\/netzwerkkonferenz-netzwerk-fruehe-hilfen-gesunde-kinder-und-kinderschutz\/"},"wordCount":422,"commentCount":0,"image":{"@id":"https:\/\/los-family.de\/fachleute\/2017\/06\/13\/netzwerkkonferenz-netzwerk-fruehe-hilfen-gesunde-kinder-und-kinderschutz\/#primaryimage"},"thumbnailUrl":"https:\/\/los-family.de\/fachleute\/wp-content\/uploads\/2017\/06\/IMG_1096.jpg","articleSection":["Fachtage"],"inLanguage":"de","potentialAction":[{"@type":"CommentAction","name":"Comment","target":["https:\/\/los-family.de\/fachleute\/2017\/06\/13\/netzwerkkonferenz-netzwerk-fruehe-hilfen-gesunde-kinder-und-kinderschutz\/#respond"]}]},{"@type":"WebPage","@id":"https:\/\/los-family.de\/fachleute\/2017\/06\/13\/netzwerkkonferenz-netzwerk-fruehe-hilfen-gesunde-kinder-und-kinderschutz\/","url":"https:\/\/los-family.de\/fachleute\/2017\/06\/13\/netzwerkkonferenz-netzwerk-fruehe-hilfen-gesunde-kinder-und-kinderschutz\/","name":"Netzwerkkonferenz - Netzwerk Fr\u00fche Hilfen, Gesunde Kinder und Kinderschutz &#8226; LOS-Family FACHLEUTE","isPartOf":{"@id":"https:\/\/los-family.de\/fachleute\/#website"},"primaryImageOfPage":{"@id":"https:\/\/los-family.de\/fachleute\/2017\/06\/13\/netzwerkkonferenz-netzwerk-fruehe-hilfen-gesunde-kinder-und-kinderschutz\/#primaryimage"},"image":{"@id":"https:\/\/los-family.de\/fachleute\/2017\/06\/13\/netzwerkkonferenz-netzwerk-fruehe-hilfen-gesunde-kinder-und-kinderschutz\/#primaryimage"},"thumbnailUrl":"https:\/\/los-family.de\/fachleute\/wp-content\/uploads\/2017\/06\/IMG_1096.jpg","datePublished":"2017-06-13T13:47:26+00:00","author":{"@id":"https:\/\/los-family.de\/fachleute\/#\/schema\/person\/0255b3cfe6c238de92ef325d568514b1"},"breadcrumb":{"@id":"https:\/\/los-family.de\/fachleute\/2017\/06\/13\/netzwerkkonferenz-netzwerk-fruehe-hilfen-gesunde-kinder-und-kinderschutz\/#breadcrumb"},"inLanguage":"de","potentialAction":[{"@type":"ReadAction","target":["https:\/\/los-family.de\/fachleute\/2017\/06\/13\/netzwerkkonferenz-netzwerk-fruehe-hilfen-gesunde-kinder-und-kinderschutz\/"]}]},{"@type":"ImageObject","inLanguage":"de","@id":"https:\/\/los-family.de\/fachleute\/2017\/06\/13\/netzwerkkonferenz-netzwerk-fruehe-hilfen-gesunde-kinder-und-kinderschutz\/#primaryimage","url":"https:\/\/los-family.de\/fachleute\/wp-content\/uploads\/2017\/06\/IMG_1096.jpg","contentUrl":"https:\/\/los-family.de\/fachleute\/wp-content\/uploads\/2017\/06\/IMG_1096.jpg","width":1920,"height":1080},{"@type":"BreadcrumbList","@id":"https:\/\/los-family.de\/fachleute\/2017\/06\/13\/netzwerkkonferenz-netzwerk-fruehe-hilfen-gesunde-kinder-und-kinderschutz\/#breadcrumb","itemListElement":[{"@type":"ListItem","position":1,"name":"Startseite","item":"https:\/\/los-family.de\/fachleute\/"},{"@type":"ListItem","position":2,"name":"Netzwerkkonferenz &#8211; Netzwerk Fr\u00fche Hilfen, Gesunde Kinder und Kinderschutz"}]},{"@type":"WebSite","@id":"https:\/\/los-family.de\/fachleute\/#website","url":"https:\/\/los-family.de\/fachleute\/","name":"LOS-Family FACHLEUTE","description":"Das Netzwerk f\u00fcr &quot;Fr\u00fche Hilfen&quot; im LOS","potentialAction":[{"@type":"SearchAction","target":{"@type":"EntryPoint","urlTemplate":"https:\/\/los-family.de\/fachleute\/?s={search_term_string}"},"query-input":{"@type":"PropertyValueSpecification","valueRequired":true,"valueName":"search_term_string"}}],"inLanguage":"de"},{"@type":"Person","@id":"https:\/\/los-family.de\/fachleute\/#\/schema\/person\/0255b3cfe6c238de92ef325d568514b1","name":"Jeanett Kleinert","image":{"@type":"ImageObject","inLanguage":"de","@id":"https:\/\/secure.gravatar.com\/avatar\/f7567fae13271a640a8f6514d1dfd068eb81f963f6813013a3adb0944674b6ea?s=96&d=mm&r=g","url":"https:\/\/secure.gravatar.com\/avatar\/f7567fae13271a640a8f6514d1dfd068eb81f963f6813013a3adb0944674b6ea?s=96&d=mm&r=g","contentUrl":"https:\/\/secure.gravatar.com\/avatar\/f7567fae13271a640a8f6514d1dfd068eb81f963f6813013a3adb0944674b6ea?s=96&d=mm&r=g","caption":"Jeanett Kleinert"}}]}},"_links":{"self":[{"href":"https:\/\/los-family.de\/fachleute\/wp-json\/wp\/v2\/posts\/1003","targetHints":{"allow":["GET"]}}],"collection":[{"href":"https:\/\/los-family.de\/fachleute\/wp-json\/wp\/v2\/posts"}],"about":[{"href":"https:\/\/los-family.de\/fachleute\/wp-json\/wp\/v2\/types\/post"}],"author":[{"embeddable":true,"href":"https:\/\/los-family.de\/fachleute\/wp-json\/wp\/v2\/users\/2"}],"replies":[{"embeddable":true,"href":"https:\/\/los-family.de\/fachleute\/wp-json\/wp\/v2\/comments?post=1003"}],"version-history":[{"count":5,"href":"https:\/\/los-family.de\/fachleute\/wp-json\/wp\/v2\/posts\/1003\/revisions"}],"predecessor-version":[{"id":1016,"href":"https:\/\/los-family.de\/fachleute\/wp-json\/wp\/v2\/posts\/1003\/revisions\/1016"}],"wp:featuredmedia":[{"embeddable":true,"href":"https:\/\/los-family.de\/fachleute\/wp-json\/wp\/v2\/media\/1001"}],"wp:attachment":[{"href":"https:\/\/los-family.de\/fachleute\/wp-json\/wp\/v2\/media?parent=1003"}],"wp:term":[{"taxonomy":"category","embeddable":true,"href":"https:\/\/los-family.de\/fachleute\/wp-json\/wp\/v2\/categories?post=1003"},{"taxonomy":"post_tag","embeddable":true,"href":"https:\/\/los-family.de\/fachleute\/wp-json\/wp\/v2\/tags?post=1003"}],"curies":[{"name":"wp","href":"https:\/\/api.w.org\/{rel}","templated":true}]}}